{"id":16414,"date":"2024-12-17T15:17:36","date_gmt":"2024-12-17T12:17:36","guid":{"rendered":"https:\/\/www.farklabs.com\/?p=16414"},"modified":"2025-04-15T15:18:56","modified_gmt":"2025-04-15T12:18:56","slug":"zihinsel-servet-bulusmasi-gelecegi-sekillendiren-fikirler-fark-labste-konusuldu","status":"publish","type":"post","link":"https:\/\/www.farklabs.com\/tr\/zihinsel-servet-bulusmasi-gelecegi-sekillendiren-fikirler-fark-labste-konusuldu\/","title":{"rendered":"Zihinsel Servet Bulu\u015fmas\u0131: Gelece\u011fi \u015eekillendiren Fikirler Fark Labs\u2019te Konu\u015fuldu"},"content":{"rendered":"\n<p>Fark Labs olarak gelece\u011fi sadece hayal etmekle yetinmiyoruz \u2014 onu birlikte in\u015fa etmenin yollar\u0131n\u0131 ar\u0131yoruz. Bu vizyonla hayata ge\u00e7irdi\u011fimiz <strong><em>Zihinsel Servet Bulu\u015fmas\u0131<\/em><\/strong>, 16 Aral\u0131k 2024\u2019te i\u015f d\u00fcnyas\u0131n\u0131n liderlerini, akademisyenleri ve b\u00fcrokratlar\u0131 bir araya getirdi.<\/p>\n\n\n\n<p>Etkinli\u011fimizin merkezinde, \u201c<em>zihinsel sermaye<\/em>\u201d vard\u0131: Do\u011fru bilgi, iyi niyet ve de\u011ferli ba\u011flant\u0131larla gelece\u011fi d\u00f6n\u00fc\u015ft\u00fcrme g\u00fcc\u00fcm\u00fcz.<\/p>\n\n\n\n<h3 class=\"wp-block-heading\" id=\"h-ahu-serter-zihinsel-servet-dunyayi-donusturen-en-guclu-aractir\"><strong>\ud83d\udca1 Ahu Serter: \u201cZihinsel servet, d\u00fcnyay\u0131 d\u00f6n\u00fc\u015ft\u00fcren en g\u00fc\u00e7l\u00fc ara\u00e7t\u0131r.\u201d<\/strong><\/h3>\n\n\n\n<p>Etkinli\u011fin a\u00e7\u0131l\u0131\u015f konu\u015fmas\u0131n\u0131 <a href=\"https:\/\/www.linkedin.com\/company\/26244721\/admin\/dashboard\/\" target=\"_blank\" rel=\"noreferrer noopener\">Fark Labs<\/a> ve <a href=\"https:\/\/www.linkedin.com\/company\/aryawomen\/\" target=\"_blank\" rel=\"noreferrer noopener\">Arya Kurucusu<\/a> <strong><a href=\"https:\/\/www.linkedin.com\/in\/ahu-buyukkusoglu-serter?miniProfileUrn=urn%3Ali%3Afs_miniProfile%3AACoAAAF48AEBHDhDgLolHDgB1OtbT9ahG2ufWW0&amp;lipi=urn%3Ali%3Apage%3Ad_flagship3_search_srp_all%3BueUknGG8RxCZ1xJtoQY%2FtQ%3D%3D\" target=\"_blank\" rel=\"noreferrer noopener\">Ahu Serter<\/a><\/strong> yapt\u0131. Zihinsel sermayeyi, paran\u0131n \u00f6tesinde kal\u0131c\u0131 de\u011ferler yaratan bir g\u00fc\u00e7 olarak tan\u0131mlayan Serter, toplumsal d\u00f6n\u00fc\u015f\u00fcm\u00fcn bilgi, niyet ve ba\u011flant\u0131 ekseninde in\u015fa edilebilece\u011fini vurgulad\u0131.<\/p>\n\n\n\n<p>Ard\u0131ndan ger\u00e7ekle\u015fen keynote sunumu ve panel serisi boyunca liderlik, s\u00fcrd\u00fcr\u00fclebilirlik, mobilite, yeni nesil \u00fcretim ve yat\u0131r\u0131m gibi ba\u015fl\u0131klarda ilham verici konu\u015fmalar dinledik, \u00e7arp\u0131c\u0131 sorular sorduk ve \u00e7\u00f6z\u00fcm \u00f6nerilerini birlikte tart\u0131\u015ft\u0131k.<\/p>\n\n\n<div class=\"wp-block-image\">\n<figure class=\"aligncenter size-large\"><img loading=\"lazy\" decoding=\"async\" width=\"1024\" height=\"683\" src=\"https:\/\/www.farklabs.com\/wp-content\/uploads\/2025\/04\/DSC08280-1024x683.jpg\" alt=\"\" class=\"wp-image-16355\" srcset=\"https:\/\/www.farklabs.com\/wp-content\/uploads\/2025\/04\/DSC08280-1024x683.jpg 1024w, https:\/\/www.farklabs.com\/wp-content\/uploads\/2025\/04\/DSC08280-300x200.jpg 300w, https:\/\/www.farklabs.com\/wp-content\/uploads\/2025\/04\/DSC08280-768x512.jpg 768w, https:\/\/www.farklabs.com\/wp-content\/uploads\/2025\/04\/DSC08280-1536x1024.jpg 1536w, https:\/\/www.farklabs.com\/wp-content\/uploads\/2025\/04\/DSC08280-2048x1365.jpg 2048w, https:\/\/www.farklabs.com\/wp-content\/uploads\/2025\/04\/DSC08280-1568x1045.jpg 1568w\" sizes=\"auto, (max-width: 1024px) 100vw, 1024px\" \/><\/figure>\n<\/div>\n\n\n<h2 class=\"wp-block-heading\" id=\"h-panellerden-one-cikanlar\"><strong>Panellerden \u00d6ne \u00c7\u0131kanlar<\/strong><\/h2>\n\n\n\n<h3 class=\"wp-block-heading\" id=\"h-panel-1-future-of-leadership-zihinsel-servet-nedir\">\ud83d\udca1<strong>Panel 1: Future of Leadership \u2013 Zihinsel Servet Nedir?<\/strong><\/h3>\n\n\n\n<p>Zihinsel sermaye, liderlikte sadece bir yetkinlik de\u011fil; kurumlar\u0131 ve toplumu ileriye ta\u015f\u0131yan temel bir g\u00fc\u00e7.<br>Panelde Ahu Serter\u2019in moderat\u00f6rl\u00fc\u011f\u00fcnde <a href=\"https:\/\/www.linkedin.com\/company\/hbrturkiye\/posts\/?feedView=all\" target=\"_blank\" rel=\"noreferrer noopener\">Harvard Business Review T\u00fcrkiye <\/a>Genel Yay\u0131n Y\u00f6netmeni <strong><a href=\"https:\/\/www.linkedin.com\/in\/serdar-turan-75048654?miniProfileUrn=urn%3Ali%3Afs_miniProfile%3AACoAAAt15KwBQ9I2K3ZEOZSryZroOHw4u6grQSg&amp;lipi=urn%3Ali%3Apage%3Ad_flagship3_search_srp_all%3B%2Fb69YK3EQtyreJ%2FSYKLDnA%3D%3D\" target=\"_blank\" rel=\"noreferrer noopener\">Serdar Turan<\/a><\/strong>, <a href=\"https:\/\/www.linkedin.com\/school\/itu1773\/\" target=\"_blank\" rel=\"noreferrer noopener\">\u0130T\u00dc<\/a> Rekt\u00f6r\u00fc <strong><a href=\"https:\/\/www.linkedin.com\/in\/hasan-mandal-62033b55\/\" target=\"_blank\" rel=\"noreferrer noopener\">Prof. Dr. Hasan Mandal<\/a><\/strong>, QNB Y\u00f6netim Kurulu Ba\u015fkan\u0131 <strong><a href=\"https:\/\/www.linkedin.com\/in\/omer-aras-911a0a236\/\" target=\"_blank\" rel=\"noreferrer noopener\">\u00d6mer Aras<\/a><\/strong> gibi isimler yer ald\u0131.<br>Gen\u00e7 ve deneyimli liderlerin bak\u0131\u015f a\u00e7\u0131lar\u0131, zihinsel servetin nas\u0131l \u00f6l\u00e7\u00fclebilece\u011fi ve aktar\u0131lan bilginin d\u00f6n\u00fc\u015f\u00fcm yaratmadaki rol\u00fc masaya yat\u0131r\u0131ld\u0131.<\/p>\n\n\n<div class=\"wp-block-image\">\n<figure class=\"aligncenter size-large\"><img loading=\"lazy\" decoding=\"async\" width=\"1024\" height=\"683\" src=\"https:\/\/www.farklabs.com\/wp-content\/uploads\/2025\/04\/DSC08483-1-1024x683.jpg\" alt=\"\" class=\"wp-image-16363\" srcset=\"https:\/\/www.farklabs.com\/wp-content\/uploads\/2025\/04\/DSC08483-1-1024x683.jpg 1024w, https:\/\/www.farklabs.com\/wp-content\/uploads\/2025\/04\/DSC08483-1-300x200.jpg 300w, https:\/\/www.farklabs.com\/wp-content\/uploads\/2025\/04\/DSC08483-1-768x512.jpg 768w, https:\/\/www.farklabs.com\/wp-content\/uploads\/2025\/04\/DSC08483-1-1536x1024.jpg 1536w, https:\/\/www.farklabs.com\/wp-content\/uploads\/2025\/04\/DSC08483-1-2048x1365.jpg 2048w, https:\/\/www.farklabs.com\/wp-content\/uploads\/2025\/04\/DSC08483-1-1568x1045.jpg 1568w\" sizes=\"auto, (max-width: 1024px) 100vw, 1024px\" \/><\/figure>\n<\/div>\n\n\n<h3 class=\"wp-block-heading\" id=\"h-panel-2-growth-mindset-donusumun-anahtari\">\ud83d\udca1<strong>Panel 2: Growth Mindset \u2013 D\u00f6n\u00fc\u015f\u00fcm\u00fcn Anahtar\u0131<\/strong><\/h3>\n\n\n\n<p><a href=\"https:\/\/www.linkedin.com\/company\/kosgeb\/\" target=\"_blank\" rel=\"noreferrer noopener\">KOSGEB<\/a> Ba\u015fkan\u0131 <strong><a href=\"https:\/\/www.linkedin.com\/in\/a-serdar-ibrahimcio%C4%9Flu-1930a968\/\" target=\"_blank\" rel=\"noreferrer noopener\">A. Serdar \u0130brahimcio\u011flu<\/a><\/strong>, eski <a href=\"https:\/\/www.linkedin.com\/search\/results\/all\/?keywords=Vestel&amp;origin=GLOBAL_SEARCH_HEADER&amp;sid=L9N\" target=\"_blank\" rel=\"noreferrer noopener\">Vestel<\/a> CEO\u2019su <strong>Turan Erdo\u011fan<\/strong>, <a href=\"https:\/\/www.linkedin.com\/company\/cevhergroup\/\" target=\"_blank\" rel=\"noreferrer noopener\">Cevher Group<\/a> Genel Sekreteri <strong><a href=\"https:\/\/www.linkedin.com\/in\/cevher-ozyavuz-6a3081a0\/\" target=\"_blank\" rel=\"noreferrer noopener\">Cevher \u00d6zyavuz<\/a><\/strong> ve di\u011fer kat\u0131l\u0131mc\u0131lar; insan odakl\u0131 d\u00f6n\u00fc\u015f\u00fcm\u00fcn, krizlerde dayan\u0131kl\u0131l\u0131\u011f\u0131 nas\u0131l art\u0131rd\u0131\u011f\u0131n\u0131 \u00f6rneklerle anlatt\u0131.<br>Fark Labs Growth Leader\u2019\u0131 <strong><a href=\"https:\/\/www.linkedin.com\/in\/selcen-uygunt%C3%BCzel-su-ab074b22\/\" target=\"_blank\" rel=\"noreferrer noopener\">Selcen Uygunt\u00fczel<\/a><\/strong> moderat\u00f6rl\u00fc\u011f\u00fcnde ger\u00e7ekle\u015fen bu panel, b\u00fcy\u00fcme zihniyetinin kurum k\u00fclt\u00fcrlerine nas\u0131l entegre edilebilece\u011fini g\u00f6zler \u00f6n\u00fcne serdi.<\/p>\n\n\n<div class=\"wp-block-image\">\n<figure class=\"aligncenter size-large\"><img loading=\"lazy\" decoding=\"async\" width=\"1024\" height=\"683\" src=\"https:\/\/www.farklabs.com\/wp-content\/uploads\/2025\/04\/DSC00938-1024x683.jpg\" alt=\"\" class=\"wp-image-16367\" srcset=\"https:\/\/www.farklabs.com\/wp-content\/uploads\/2025\/04\/DSC00938-1024x683.jpg 1024w, https:\/\/www.farklabs.com\/wp-content\/uploads\/2025\/04\/DSC00938-300x200.jpg 300w, https:\/\/www.farklabs.com\/wp-content\/uploads\/2025\/04\/DSC00938-768x512.jpg 768w, https:\/\/www.farklabs.com\/wp-content\/uploads\/2025\/04\/DSC00938-1536x1024.jpg 1536w, https:\/\/www.farklabs.com\/wp-content\/uploads\/2025\/04\/DSC00938-2048x1365.jpg 2048w, https:\/\/www.farklabs.com\/wp-content\/uploads\/2025\/04\/DSC00938-1568x1045.jpg 1568w\" sizes=\"auto, (max-width: 1024px) 100vw, 1024px\" \/><\/figure>\n<\/div>\n\n\n<h3 class=\"wp-block-heading\" id=\"h-panel-3-future-of-materials-amp-chemicals-uretimde-yenilikci-cozumler\">\ud83d\udca1<strong>Panel 3: Future of Materials &amp; Chemicals \u2013 \u00dcretimde Yenilik\u00e7i \u00c7\u00f6z\u00fcmler<\/strong><\/h3>\n\n\n\n<p>Yeni malzeme teknolojileri, s\u00fcrd\u00fcr\u00fclebilir \u00fcretim i\u00e7in kilit bir rol oynuyor. <a href=\"https:\/\/www.linkedin.com\/school\/sabanci-university\/\" target=\"_blank\" rel=\"noreferrer noopener\">Sabanc\u0131 \u00dcniversitesi<\/a>\u2019nden <a href=\"https:\/\/www.linkedin.com\/in\/ozge-akbulut-685b827\/\" target=\"_blank\" rel=\"noreferrer noopener\"><strong>Dr. \u00d6zge Akbulut<\/strong>\u2019<\/a>un y\u00f6netti\u011fi panelde Fark Holding CEO\u2019su <strong><a href=\"https:\/\/www.linkedin.com\/in\/omer-burhanoglu-73939211a\/\" target=\"_blank\" rel=\"noreferrer noopener\">\u00d6mer Burhano\u011flu<\/a><\/strong> ve akademisyen giri\u015fimciler, sentetik biyoloji ve nanoteknoloji ekseninde gelece\u011fin \u00fcretim \u00e7\u00f6z\u00fcmlerini tart\u0131\u015ft\u0131.<\/p>\n\n\n<div class=\"wp-block-image\">\n<figure class=\"aligncenter size-large\"><img loading=\"lazy\" decoding=\"async\" width=\"1024\" height=\"542\" src=\"https:\/\/www.farklabs.com\/wp-content\/uploads\/2025\/04\/DSC01030-1024x542.jpg\" alt=\"\" class=\"wp-image-16376\" srcset=\"https:\/\/www.farklabs.com\/wp-content\/uploads\/2025\/04\/DSC01030-1024x542.jpg 1024w, https:\/\/www.farklabs.com\/wp-content\/uploads\/2025\/04\/DSC01030-300x159.jpg 300w, https:\/\/www.farklabs.com\/wp-content\/uploads\/2025\/04\/DSC01030-768x406.jpg 768w, https:\/\/www.farklabs.com\/wp-content\/uploads\/2025\/04\/DSC01030-1536x813.jpg 1536w, https:\/\/www.farklabs.com\/wp-content\/uploads\/2025\/04\/DSC01030-2048x1084.jpg 2048w, https:\/\/www.farklabs.com\/wp-content\/uploads\/2025\/04\/DSC01030-1568x830.jpg 1568w\" sizes=\"auto, (max-width: 1024px) 100vw, 1024px\" \/><\/figure>\n<\/div>\n\n\n<h3 class=\"wp-block-heading\" id=\"h-panel-4-future-of-mobility-mobilite-ekosisteminin-gelecegi\">\ud83d\udca1<strong>Panel 4: Future of Mobility \u2013 Mobilite Ekosisteminin Gelece\u011fi<\/strong><\/h3>\n\n\n\n<p><a href=\"https:\/\/www.linkedin.com\/company\/tofas\/posts\/?feedView=all\" target=\"_blank\" rel=\"noreferrer noopener\">TOFA\u015e<\/a>, <a href=\"https:\/\/www.linkedin.com\/company\/buyutech\/\" target=\"_blank\" rel=\"noreferrer noopener\">B\u00fcy\u00fctech<\/a>, <a href=\"https:\/\/www.linkedin.com\/company\/ampherr-t%C3%BCrkiye\/\" target=\"_blank\" rel=\"noreferrer noopener\">Ampherr<\/a> ve <a href=\"https:\/\/www.linkedin.com\/company\/tripymobility\/\" target=\"_blank\" rel=\"noreferrer noopener\">Tripy<\/a> gibi yenilik\u00e7i \u015firketlerin liderleri, mobilitenin elektrifikasyonla nas\u0131l yeniden \u015fekillendi\u011fini, batarya teknolojilerinden mikromobiliteye kadar pek \u00e7ok ba\u015fl\u0131kta fikirlerini payla\u015ft\u0131.<br><a href=\"https:\/\/www.linkedin.com\/in\/ussal\/\" target=\"_blank\" rel=\"noreferrer noopener\"><strong>Ussal \u015eahbaz<\/strong> <\/a>moderat\u00f6rl\u00fc\u011f\u00fcndeki panelde ayr\u0131ca, Avrupa ve T\u00fcrkiye\u2019de mobilite altyap\u0131s\u0131ndaki d\u00f6n\u00fc\u015f\u00fcmler de g\u00fcndeme geldi.<\/p>\n\n\n<div class=\"wp-block-image\">\n<figure class=\"aligncenter size-large\"><img loading=\"lazy\" decoding=\"async\" width=\"1024\" height=\"683\" src=\"https:\/\/www.farklabs.com\/wp-content\/uploads\/2025\/04\/DSC08925-1024x683.jpg\" alt=\"\" class=\"wp-image-16381\" srcset=\"https:\/\/www.farklabs.com\/wp-content\/uploads\/2025\/04\/DSC08925-1024x683.jpg 1024w, https:\/\/www.farklabs.com\/wp-content\/uploads\/2025\/04\/DSC08925-300x200.jpg 300w, https:\/\/www.farklabs.com\/wp-content\/uploads\/2025\/04\/DSC08925-768x512.jpg 768w, https:\/\/www.farklabs.com\/wp-content\/uploads\/2025\/04\/DSC08925-1536x1024.jpg 1536w, https:\/\/www.farklabs.com\/wp-content\/uploads\/2025\/04\/DSC08925-2048x1365.jpg 2048w, https:\/\/www.farklabs.com\/wp-content\/uploads\/2025\/04\/DSC08925-1568x1045.jpg 1568w\" sizes=\"auto, (max-width: 1024px) 100vw, 1024px\" \/><\/figure>\n<\/div>\n\n\n<h3 class=\"wp-block-heading\" id=\"h-panel-5-investing-for-a-better-future-together-daha-iyi-bir-gelecege-yatirim\">\ud83d\udca1<strong>Panel 5: Investing for a Better Future Together \u2013 Daha \u0130yi Bir Gelece\u011fe Yat\u0131r\u0131m<\/strong><\/h3>\n\n\n\n<p>Fark Labs ve Arya Kurucusu <a href=\"https:\/\/www.linkedin.com\/in\/ahu-buyukkusoglu-serter?miniProfileUrn=urn%3Ali%3Afs_miniProfile%3AACoAAAF48AEBHDhDgLolHDgB1OtbT9ahG2ufWW0&amp;lipi=urn%3Ali%3Apage%3Ad_flagship3_search_srp_all%3BueUknGG8RxCZ1xJtoQY%2FtQ%3D%3D\"><strong>Ahu Serter<\/strong>\u2019<\/a>in y\u00f6netti\u011fi panelde, <a href=\"https:\/\/www.linkedin.com\/company\/tusiad\/\" target=\"_blank\" rel=\"noreferrer noopener\">T\u00dcS\u0130AD<\/a> Ba\u015fkan\u0131 <strong><a href=\"https:\/\/www.linkedin.com\/in\/orhan-turan-ba28017\/\" target=\"_blank\" rel=\"noreferrer noopener\">Orhan Turan<\/a><\/strong>, <a href=\"https:\/\/www.linkedin.com\/company\/aryawomen\/\" target=\"_blank\" rel=\"noreferrer noopener\">Arya<\/a> ve <a href=\"https:\/\/www.linkedin.com\/company\/guvensan-tesis-hizmetleri\/\" target=\"_blank\" rel=\"noreferrer noopener\">G\u00fcvensan<\/a> CEO\u2019su <strong><a href=\"https:\/\/www.linkedin.com\/in\/muntehaadali\/\" target=\"_blank\" rel=\"noreferrer noopener\">M\u00fcnteha Adal\u0131<\/a><\/strong> gibi isimler; teknoloji ve toplumsal fayda odakl\u0131 yat\u0131r\u0131m stratejilerini anlatt\u0131.<br>Kad\u0131n liderlerin ekonomideki rol\u00fc, s\u00fcrd\u00fcr\u00fclebilir b\u00fcy\u00fcme ve kolektif yat\u0131r\u0131m modelleri \u00e7arp\u0131c\u0131 \u00f6rneklerle aktar\u0131ld\u0131.<\/p>\n\n\n\n<figure class=\"wp-block-image size-large\"><img loading=\"lazy\" decoding=\"async\" width=\"1024\" height=\"683\" src=\"https:\/\/www.farklabs.com\/wp-content\/uploads\/2025\/04\/DSC09060-1024x683.jpg\" alt=\"\" class=\"wp-image-16385\" srcset=\"https:\/\/www.farklabs.com\/wp-content\/uploads\/2025\/04\/DSC09060-1024x683.jpg 1024w, https:\/\/www.farklabs.com\/wp-content\/uploads\/2025\/04\/DSC09060-300x200.jpg 300w, https:\/\/www.farklabs.com\/wp-content\/uploads\/2025\/04\/DSC09060-768x512.jpg 768w, https:\/\/www.farklabs.com\/wp-content\/uploads\/2025\/04\/DSC09060-1536x1024.jpg 1536w, https:\/\/www.farklabs.com\/wp-content\/uploads\/2025\/04\/DSC09060-2048x1365.jpg 2048w, https:\/\/www.farklabs.com\/wp-content\/uploads\/2025\/04\/DSC09060-1568x1045.jpg 1568w\" sizes=\"auto, (max-width: 1024px) 100vw, 1024px\" \/><\/figure>\n\n\n\n<p>Zihinsel Servet Bulu\u015fmas\u0131, gelece\u011fi birlikte in\u015fa etme iradesinin g\u00fc\u00e7l\u00fc bir yans\u0131mas\u0131yd\u0131. Bilgi, vizyon ve i\u015f birli\u011fiyle \u015fekillenen bu bulu\u015fma, d\u00f6n\u00fc\u015f\u00fcm\u00fcn bireylerle ba\u015flad\u0131\u011f\u0131n\u0131 bir kez daha g\u00f6sterdi.<\/p>\n","protected":false},"excerpt":{"rendered":"<p>Fark Labs olarak gelece\u011fi sadece hayal etmekle yetinmiyoruz \u2014 onu birlikte in\u015fa etmenin yollar\u0131n\u0131 ar\u0131yoruz. Bu vizyonla hayata ge\u00e7irdi\u011fimiz Zihinsel Servet Bulu\u015fmas\u0131, 16 Aral\u0131k 2024\u2019te i\u015f d\u00fcnyas\u0131n\u0131n liderlerini, akademisyenleri ve b\u00fcrokratlar\u0131 bir araya getirdi. Etkinli\u011fimizin merkezinde, \u201czihinsel sermaye\u201d vard\u0131: Do\u011fru bilgi, iyi niyet ve de\u011ferli ba\u011flant\u0131larla gelece\u011fi d\u00f6n\u00fc\u015ft\u00fcrme g\u00fcc\u00fcm\u00fcz. \ud83d\udca1 Ahu Serter: \u201cZihinsel servet, d\u00fcnyay\u0131&hellip; <a class=\"more-link\" href=\"https:\/\/www.farklabs.com\/tr\/zihinsel-servet-bulusmasi-gelecegi-sekillendiren-fikirler-fark-labste-konusuldu\/\">Continue reading <span class=\"screen-reader-text\">Zihinsel Servet Bulu\u015fmas\u0131: Gelece\u011fi \u015eekillendiren Fikirler Fark Labs\u2019te Konu\u015fuldu<\/span><\/a><\/p>\n","protected":false},"author":1,"featured_media":16415,"comment_status":"open","ping_status":"open","sticky":false,"template":"","format":"standard","meta":{"_acf_changed":false,"om_disable_all_campaigns":false,"footnotes":""},"categories":[314,239],"tags":[],"class_list":["post-16414","post","type-post","status-publish","format-standard","has-post-thumbnail","hentry","category-corporate-tr","category-uncategorized-tr","entry"],"acf":[],"yoast_head":"<!-- This site is optimized with the Yoast SEO Premium plugin v27.3 (Yoast SEO v27.3) - https:\/\/yoast.com\/product\/yoast-seo-premium-wordpress\/ -->\n<title>Zihinsel Servet Bulu\u015fmas\u0131: Gelece\u011fi \u015eekillendiren Liderler Fark Labs\u2019te Bulu\u015ftu<\/title>\n<meta name=\"description\" content=\"Zihinsel Servet Bulu\u015fmas\u0131, liderleri, akademisyenleri ve giri\u015fimcileri bir araya getirerek liderlikten mobiliteye, s\u00fcrd\u00fcr\u00fclebilirlikten yat\u0131r\u0131m stratejilerine uzanan ilham verici panellerle gelece\u011fi birlikte in\u015fa etmenin yollar\u0131n\u0131 tart\u0131\u015ft\u0131.\" \/>\n<meta name=\"robots\" content=\"index, follow, max-snippet:-1, max-image-preview:large, max-video-preview:-1\" \/>\n<link rel=\"canonical\" href=\"https:\/\/www.farklabs.com\/tr\/zihinsel-servet-bulusmasi-gelecegi-sekillendiren-fikirler-fark-labste-konusuldu\/\" \/>\n<meta property=\"og:locale\" content=\"tr_TR\" \/>\n<meta property=\"og:type\" content=\"article\" \/>\n<meta property=\"og:title\" content=\"Zihinsel Servet Bulu\u015fmas\u0131: Gelece\u011fi \u015eekillendiren Fikirler Fark Labs\u2019te Konu\u015fuldu\" \/>\n<meta property=\"og:description\" content=\"Zihinsel Servet Bulu\u015fmas\u0131, liderleri, akademisyenleri ve giri\u015fimcileri bir araya getirerek liderlikten mobiliteye, s\u00fcrd\u00fcr\u00fclebilirlikten yat\u0131r\u0131m stratejilerine uzanan ilham verici panellerle gelece\u011fi birlikte in\u015fa etmenin yollar\u0131n\u0131 tart\u0131\u015ft\u0131.\" \/>\n<meta property=\"og:url\" content=\"https:\/\/www.farklabs.com\/tr\/zihinsel-servet-bulusmasi-gelecegi-sekillendiren-fikirler-fark-labste-konusuldu\/\" \/>\n<meta property=\"og:site_name\" content=\"Fark Labs\" \/>\n<meta property=\"article:publisher\" content=\"https:\/\/www.facebook.com\/farklabs\/\" \/>\n<meta property=\"article:published_time\" content=\"2024-12-17T12:17:36+00:00\" \/>\n<meta property=\"article:modified_time\" content=\"2025-04-15T12:18:56+00:00\" \/>\n<meta property=\"og:image\" content=\"https:\/\/www.farklabs.com\/wp-content\/uploads\/2025\/04\/Afetlere-Direncli-Sanayi-StructHEALTH-x-TAYSAD-10-Nisan-TOSB-Etkinlik-1104-x-640-piksel-1.png\" \/>\n\t<meta property=\"og:image:width\" content=\"1104\" \/>\n\t<meta property=\"og:image:height\" content=\"640\" \/>\n\t<meta property=\"og:image:type\" content=\"image\/png\" \/>\n<meta name=\"author\" content=\"Fark Labs\" \/>\n<meta name=\"twitter:card\" content=\"summary_large_image\" \/>\n<meta name=\"twitter:creator\" content=\"@farklabs\" \/>\n<meta name=\"twitter:site\" content=\"@farklabs\" \/>\n<meta name=\"twitter:label1\" content=\"Yazan:\" \/>\n\t<meta name=\"twitter:data1\" content=\"Fark Labs\" \/>\n\t<meta name=\"twitter:label2\" content=\"Tahmini okuma s\u00fcresi\" \/>\n\t<meta name=\"twitter:data2\" content=\"4 dakika\" \/>\n<script type=\"application\/ld+json\" class=\"yoast-schema-graph\">{\"@context\":\"https:\\\/\\\/schema.org\",\"@graph\":[{\"@type\":\"Article\",\"@id\":\"https:\\\/\\\/www.farklabs.com\\\/tr\\\/zihinsel-servet-bulusmasi-gelecegi-sekillendiren-fikirler-fark-labste-konusuldu\\\/#article\",\"isPartOf\":{\"@id\":\"https:\\\/\\\/www.farklabs.com\\\/tr\\\/zihinsel-servet-bulusmasi-gelecegi-sekillendiren-fikirler-fark-labste-konusuldu\\\/\"},\"author\":{\"name\":\"Fark Labs\",\"@id\":\"https:\\\/\\\/www.farklabs.com\\\/#\\\/schema\\\/person\\\/6c587efab44c0dd1489706bc75c0460f\"},\"headline\":\"Zihinsel Servet Bulu\u015fmas\u0131: Gelece\u011fi \u015eekillendiren Fikirler Fark Labs\u2019te Konu\u015fuldu\",\"datePublished\":\"2024-12-17T12:17:36+00:00\",\"dateModified\":\"2025-04-15T12:18:56+00:00\",\"mainEntityOfPage\":{\"@id\":\"https:\\\/\\\/www.farklabs.com\\\/tr\\\/zihinsel-servet-bulusmasi-gelecegi-sekillendiren-fikirler-fark-labste-konusuldu\\\/\"},\"wordCount\":609,\"commentCount\":0,\"publisher\":{\"@id\":\"https:\\\/\\\/www.farklabs.com\\\/#organization\"},\"image\":{\"@id\":\"https:\\\/\\\/www.farklabs.com\\\/tr\\\/zihinsel-servet-bulusmasi-gelecegi-sekillendiren-fikirler-fark-labste-konusuldu\\\/#primaryimage\"},\"thumbnailUrl\":\"https:\\\/\\\/www.farklabs.com\\\/wp-content\\\/uploads\\\/2025\\\/04\\\/Afetlere-Direncli-Sanayi-StructHEALTH-x-TAYSAD-10-Nisan-TOSB-Etkinlik-1104-x-640-piksel-1.png\",\"articleSection\":[\"CORPORATE\",\"Uncategorized @tr\"],\"inLanguage\":\"tr\",\"potentialAction\":[{\"@type\":\"CommentAction\",\"name\":\"Comment\",\"target\":[\"https:\\\/\\\/www.farklabs.com\\\/tr\\\/zihinsel-servet-bulusmasi-gelecegi-sekillendiren-fikirler-fark-labste-konusuldu\\\/#respond\"]}]},{\"@type\":\"WebPage\",\"@id\":\"https:\\\/\\\/www.farklabs.com\\\/tr\\\/zihinsel-servet-bulusmasi-gelecegi-sekillendiren-fikirler-fark-labste-konusuldu\\\/\",\"url\":\"https:\\\/\\\/www.farklabs.com\\\/tr\\\/zihinsel-servet-bulusmasi-gelecegi-sekillendiren-fikirler-fark-labste-konusuldu\\\/\",\"name\":\"Zihinsel Servet Bulu\u015fmas\u0131: Gelece\u011fi \u015eekillendiren Liderler Fark Labs\u2019te Bulu\u015ftu\",\"isPartOf\":{\"@id\":\"https:\\\/\\\/www.farklabs.com\\\/#website\"},\"primaryImageOfPage\":{\"@id\":\"https:\\\/\\\/www.farklabs.com\\\/tr\\\/zihinsel-servet-bulusmasi-gelecegi-sekillendiren-fikirler-fark-labste-konusuldu\\\/#primaryimage\"},\"image\":{\"@id\":\"https:\\\/\\\/www.farklabs.com\\\/tr\\\/zihinsel-servet-bulusmasi-gelecegi-sekillendiren-fikirler-fark-labste-konusuldu\\\/#primaryimage\"},\"thumbnailUrl\":\"https:\\\/\\\/www.farklabs.com\\\/wp-content\\\/uploads\\\/2025\\\/04\\\/Afetlere-Direncli-Sanayi-StructHEALTH-x-TAYSAD-10-Nisan-TOSB-Etkinlik-1104-x-640-piksel-1.png\",\"datePublished\":\"2024-12-17T12:17:36+00:00\",\"dateModified\":\"2025-04-15T12:18:56+00:00\",\"description\":\"Zihinsel Servet Bulu\u015fmas\u0131, liderleri, akademisyenleri ve giri\u015fimcileri bir araya getirerek liderlikten mobiliteye, s\u00fcrd\u00fcr\u00fclebilirlikten yat\u0131r\u0131m stratejilerine uzanan ilham verici panellerle gelece\u011fi birlikte in\u015fa etmenin yollar\u0131n\u0131 tart\u0131\u015ft\u0131.\",\"breadcrumb\":{\"@id\":\"https:\\\/\\\/www.farklabs.com\\\/tr\\\/zihinsel-servet-bulusmasi-gelecegi-sekillendiren-fikirler-fark-labste-konusuldu\\\/#breadcrumb\"},\"inLanguage\":\"tr\",\"potentialAction\":[{\"@type\":\"ReadAction\",\"target\":[\"https:\\\/\\\/www.farklabs.com\\\/tr\\\/zihinsel-servet-bulusmasi-gelecegi-sekillendiren-fikirler-fark-labste-konusuldu\\\/\"]}]},{\"@type\":\"ImageObject\",\"inLanguage\":\"tr\",\"@id\":\"https:\\\/\\\/www.farklabs.com\\\/tr\\\/zihinsel-servet-bulusmasi-gelecegi-sekillendiren-fikirler-fark-labste-konusuldu\\\/#primaryimage\",\"url\":\"https:\\\/\\\/www.farklabs.com\\\/wp-content\\\/uploads\\\/2025\\\/04\\\/Afetlere-Direncli-Sanayi-StructHEALTH-x-TAYSAD-10-Nisan-TOSB-Etkinlik-1104-x-640-piksel-1.png\",\"contentUrl\":\"https:\\\/\\\/www.farklabs.com\\\/wp-content\\\/uploads\\\/2025\\\/04\\\/Afetlere-Direncli-Sanayi-StructHEALTH-x-TAYSAD-10-Nisan-TOSB-Etkinlik-1104-x-640-piksel-1.png\",\"width\":1104,\"height\":640},{\"@type\":\"BreadcrumbList\",\"@id\":\"https:\\\/\\\/www.farklabs.com\\\/tr\\\/zihinsel-servet-bulusmasi-gelecegi-sekillendiren-fikirler-fark-labste-konusuldu\\\/#breadcrumb\",\"itemListElement\":[{\"@type\":\"ListItem\",\"position\":1,\"name\":\"Home\",\"item\":\"https:\\\/\\\/www.farklabs.com\\\/tr\\\/\"},{\"@type\":\"ListItem\",\"position\":2,\"name\":\"Zihinsel Servet Bulu\u015fmas\u0131: Gelece\u011fi \u015eekillendiren Fikirler Fark Labs\u2019te Konu\u015fuldu\"}]},{\"@type\":\"WebSite\",\"@id\":\"https:\\\/\\\/www.farklabs.com\\\/#website\",\"url\":\"https:\\\/\\\/www.farklabs.com\\\/\",\"name\":\"Fark Labs\",\"description\":\"Better. Future. Together.\",\"publisher\":{\"@id\":\"https:\\\/\\\/www.farklabs.com\\\/#organization\"},\"potentialAction\":[{\"@type\":\"SearchAction\",\"target\":{\"@type\":\"EntryPoint\",\"urlTemplate\":\"https:\\\/\\\/www.farklabs.com\\\/?s={search_term_string}\"},\"query-input\":{\"@type\":\"PropertyValueSpecification\",\"valueRequired\":true,\"valueName\":\"search_term_string\"}}],\"inLanguage\":\"tr\"},{\"@type\":\"Organization\",\"@id\":\"https:\\\/\\\/www.farklabs.com\\\/#organization\",\"name\":\"Fark Labs\",\"url\":\"https:\\\/\\\/www.farklabs.com\\\/\",\"logo\":{\"@type\":\"ImageObject\",\"inLanguage\":\"tr\",\"@id\":\"https:\\\/\\\/www.farklabs.com\\\/#\\\/schema\\\/logo\\\/image\\\/\",\"url\":\"https:\\\/\\\/www.farklabs.com\\\/wp-content\\\/uploads\\\/2022\\\/04\\\/1-Fark-Labs-logo1.png\",\"contentUrl\":\"https:\\\/\\\/www.farklabs.com\\\/wp-content\\\/uploads\\\/2022\\\/04\\\/1-Fark-Labs-logo1.png\",\"width\":337,\"height\":150,\"caption\":\"Fark Labs\"},\"image\":{\"@id\":\"https:\\\/\\\/www.farklabs.com\\\/#\\\/schema\\\/logo\\\/image\\\/\"},\"sameAs\":[\"https:\\\/\\\/www.facebook.com\\\/farklabs\\\/\",\"https:\\\/\\\/x.com\\\/farklabs\",\"https:\\\/\\\/www.instagram.com\\\/farklabs\\\/\",\"https:\\\/\\\/www.linkedin.com\\\/company\\\/farklabs\\\/\",\"https:\\\/\\\/www.youtube.com\\\/c\\\/farklabs\"]},{\"@type\":\"Person\",\"@id\":\"https:\\\/\\\/www.farklabs.com\\\/#\\\/schema\\\/person\\\/6c587efab44c0dd1489706bc75c0460f\",\"name\":\"Fark Labs\",\"image\":{\"@type\":\"ImageObject\",\"inLanguage\":\"tr\",\"@id\":\"https:\\\/\\\/secure.gravatar.com\\\/avatar\\\/02107d982b959c1234fd880952cbc459fbfe3e673a91102388aaadebcf224c5a?s=96&d=mm&r=g\",\"url\":\"https:\\\/\\\/secure.gravatar.com\\\/avatar\\\/02107d982b959c1234fd880952cbc459fbfe3e673a91102388aaadebcf224c5a?s=96&d=mm&r=g\",\"contentUrl\":\"https:\\\/\\\/secure.gravatar.com\\\/avatar\\\/02107d982b959c1234fd880952cbc459fbfe3e673a91102388aaadebcf224c5a?s=96&d=mm&r=g\",\"caption\":\"Fark Labs\"},\"url\":\"https:\\\/\\\/www.farklabs.com\\\/tr\\\/author\\\/farmaster\\\/\"}]}<\/script>\n<!-- \/ Yoast SEO Premium plugin. -->","yoast_head_json":{"title":"Zihinsel Servet Bulu\u015fmas\u0131: Gelece\u011fi \u015eekillendiren Liderler Fark Labs\u2019te Bulu\u015ftu","description":"Zihinsel Servet Bulu\u015fmas\u0131, liderleri, akademisyenleri ve giri\u015fimcileri bir araya getirerek liderlikten mobiliteye, s\u00fcrd\u00fcr\u00fclebilirlikten yat\u0131r\u0131m stratejilerine uzanan ilham verici panellerle gelece\u011fi birlikte in\u015fa etmenin yollar\u0131n\u0131 tart\u0131\u015ft\u0131.","robots":{"index":"index","follow":"follow","max-snippet":"max-snippet:-1","max-image-preview":"max-image-preview:large","max-video-preview":"max-video-preview:-1"},"canonical":"https:\/\/www.farklabs.com\/tr\/zihinsel-servet-bulusmasi-gelecegi-sekillendiren-fikirler-fark-labste-konusuldu\/","og_locale":"tr_TR","og_type":"article","og_title":"Zihinsel Servet Bulu\u015fmas\u0131: Gelece\u011fi \u015eekillendiren Fikirler Fark Labs\u2019te Konu\u015fuldu","og_description":"Zihinsel Servet Bulu\u015fmas\u0131, liderleri, akademisyenleri ve giri\u015fimcileri bir araya getirerek liderlikten mobiliteye, s\u00fcrd\u00fcr\u00fclebilirlikten yat\u0131r\u0131m stratejilerine uzanan ilham verici panellerle gelece\u011fi birlikte in\u015fa etmenin yollar\u0131n\u0131 tart\u0131\u015ft\u0131.","og_url":"https:\/\/www.farklabs.com\/tr\/zihinsel-servet-bulusmasi-gelecegi-sekillendiren-fikirler-fark-labste-konusuldu\/","og_site_name":"Fark Labs","article_publisher":"https:\/\/www.facebook.com\/farklabs\/","article_published_time":"2024-12-17T12:17:36+00:00","article_modified_time":"2025-04-15T12:18:56+00:00","og_image":[{"width":1104,"height":640,"url":"https:\/\/www.farklabs.com\/wp-content\/uploads\/2025\/04\/Afetlere-Direncli-Sanayi-StructHEALTH-x-TAYSAD-10-Nisan-TOSB-Etkinlik-1104-x-640-piksel-1.png","type":"image\/png"}],"author":"Fark Labs","twitter_card":"summary_large_image","twitter_creator":"@farklabs","twitter_site":"@farklabs","twitter_misc":{"Yazan:":"Fark Labs","Tahmini okuma s\u00fcresi":"4 dakika"},"schema":{"@context":"https:\/\/schema.org","@graph":[{"@type":"Article","@id":"https:\/\/www.farklabs.com\/tr\/zihinsel-servet-bulusmasi-gelecegi-sekillendiren-fikirler-fark-labste-konusuldu\/#article","isPartOf":{"@id":"https:\/\/www.farklabs.com\/tr\/zihinsel-servet-bulusmasi-gelecegi-sekillendiren-fikirler-fark-labste-konusuldu\/"},"author":{"name":"Fark Labs","@id":"https:\/\/www.farklabs.com\/#\/schema\/person\/6c587efab44c0dd1489706bc75c0460f"},"headline":"Zihinsel Servet Bulu\u015fmas\u0131: Gelece\u011fi \u015eekillendiren Fikirler Fark Labs\u2019te Konu\u015fuldu","datePublished":"2024-12-17T12:17:36+00:00","dateModified":"2025-04-15T12:18:56+00:00","mainEntityOfPage":{"@id":"https:\/\/www.farklabs.com\/tr\/zihinsel-servet-bulusmasi-gelecegi-sekillendiren-fikirler-fark-labste-konusuldu\/"},"wordCount":609,"commentCount":0,"publisher":{"@id":"https:\/\/www.farklabs.com\/#organization"},"image":{"@id":"https:\/\/www.farklabs.com\/tr\/zihinsel-servet-bulusmasi-gelecegi-sekillendiren-fikirler-fark-labste-konusuldu\/#primaryimage"},"thumbnailUrl":"https:\/\/www.farklabs.com\/wp-content\/uploads\/2025\/04\/Afetlere-Direncli-Sanayi-StructHEALTH-x-TAYSAD-10-Nisan-TOSB-Etkinlik-1104-x-640-piksel-1.png","articleSection":["CORPORATE","Uncategorized @tr"],"inLanguage":"tr","potentialAction":[{"@type":"CommentAction","name":"Comment","target":["https:\/\/www.farklabs.com\/tr\/zihinsel-servet-bulusmasi-gelecegi-sekillendiren-fikirler-fark-labste-konusuldu\/#respond"]}]},{"@type":"WebPage","@id":"https:\/\/www.farklabs.com\/tr\/zihinsel-servet-bulusmasi-gelecegi-sekillendiren-fikirler-fark-labste-konusuldu\/","url":"https:\/\/www.farklabs.com\/tr\/zihinsel-servet-bulusmasi-gelecegi-sekillendiren-fikirler-fark-labste-konusuldu\/","name":"Zihinsel Servet Bulu\u015fmas\u0131: Gelece\u011fi \u015eekillendiren Liderler Fark Labs\u2019te Bulu\u015ftu","isPartOf":{"@id":"https:\/\/www.farklabs.com\/#website"},"primaryImageOfPage":{"@id":"https:\/\/www.farklabs.com\/tr\/zihinsel-servet-bulusmasi-gelecegi-sekillendiren-fikirler-fark-labste-konusuldu\/#primaryimage"},"image":{"@id":"https:\/\/www.farklabs.com\/tr\/zihinsel-servet-bulusmasi-gelecegi-sekillendiren-fikirler-fark-labste-konusuldu\/#primaryimage"},"thumbnailUrl":"https:\/\/www.farklabs.com\/wp-content\/uploads\/2025\/04\/Afetlere-Direncli-Sanayi-StructHEALTH-x-TAYSAD-10-Nisan-TOSB-Etkinlik-1104-x-640-piksel-1.png","datePublished":"2024-12-17T12:17:36+00:00","dateModified":"2025-04-15T12:18:56+00:00","description":"Zihinsel Servet Bulu\u015fmas\u0131, liderleri, akademisyenleri ve giri\u015fimcileri bir araya getirerek liderlikten mobiliteye, s\u00fcrd\u00fcr\u00fclebilirlikten yat\u0131r\u0131m stratejilerine uzanan ilham verici panellerle gelece\u011fi birlikte in\u015fa etmenin yollar\u0131n\u0131 tart\u0131\u015ft\u0131.","breadcrumb":{"@id":"https:\/\/www.farklabs.com\/tr\/zihinsel-servet-bulusmasi-gelecegi-sekillendiren-fikirler-fark-labste-konusuldu\/#breadcrumb"},"inLanguage":"tr","potentialAction":[{"@type":"ReadAction","target":["https:\/\/www.farklabs.com\/tr\/zihinsel-servet-bulusmasi-gelecegi-sekillendiren-fikirler-fark-labste-konusuldu\/"]}]},{"@type":"ImageObject","inLanguage":"tr","@id":"https:\/\/www.farklabs.com\/tr\/zihinsel-servet-bulusmasi-gelecegi-sekillendiren-fikirler-fark-labste-konusuldu\/#primaryimage","url":"https:\/\/www.farklabs.com\/wp-content\/uploads\/2025\/04\/Afetlere-Direncli-Sanayi-StructHEALTH-x-TAYSAD-10-Nisan-TOSB-Etkinlik-1104-x-640-piksel-1.png","contentUrl":"https:\/\/www.farklabs.com\/wp-content\/uploads\/2025\/04\/Afetlere-Direncli-Sanayi-StructHEALTH-x-TAYSAD-10-Nisan-TOSB-Etkinlik-1104-x-640-piksel-1.png","width":1104,"height":640},{"@type":"BreadcrumbList","@id":"https:\/\/www.farklabs.com\/tr\/zihinsel-servet-bulusmasi-gelecegi-sekillendiren-fikirler-fark-labste-konusuldu\/#breadcrumb","itemListElement":[{"@type":"ListItem","position":1,"name":"Home","item":"https:\/\/www.farklabs.com\/tr\/"},{"@type":"ListItem","position":2,"name":"Zihinsel Servet Bulu\u015fmas\u0131: Gelece\u011fi \u015eekillendiren Fikirler Fark Labs\u2019te Konu\u015fuldu"}]},{"@type":"WebSite","@id":"https:\/\/www.farklabs.com\/#website","url":"https:\/\/www.farklabs.com\/","name":"Fark Labs","description":"Better. Future. Together.","publisher":{"@id":"https:\/\/www.farklabs.com\/#organization"},"potentialAction":[{"@type":"SearchAction","target":{"@type":"EntryPoint","urlTemplate":"https:\/\/www.farklabs.com\/?s={search_term_string}"},"query-input":{"@type":"PropertyValueSpecification","valueRequired":true,"valueName":"search_term_string"}}],"inLanguage":"tr"},{"@type":"Organization","@id":"https:\/\/www.farklabs.com\/#organization","name":"Fark Labs","url":"https:\/\/www.farklabs.com\/","logo":{"@type":"ImageObject","inLanguage":"tr","@id":"https:\/\/www.farklabs.com\/#\/schema\/logo\/image\/","url":"https:\/\/www.farklabs.com\/wp-content\/uploads\/2022\/04\/1-Fark-Labs-logo1.png","contentUrl":"https:\/\/www.farklabs.com\/wp-content\/uploads\/2022\/04\/1-Fark-Labs-logo1.png","width":337,"height":150,"caption":"Fark Labs"},"image":{"@id":"https:\/\/www.farklabs.com\/#\/schema\/logo\/image\/"},"sameAs":["https:\/\/www.facebook.com\/farklabs\/","https:\/\/x.com\/farklabs","https:\/\/www.instagram.com\/farklabs\/","https:\/\/www.linkedin.com\/company\/farklabs\/","https:\/\/www.youtube.com\/c\/farklabs"]},{"@type":"Person","@id":"https:\/\/www.farklabs.com\/#\/schema\/person\/6c587efab44c0dd1489706bc75c0460f","name":"Fark Labs","image":{"@type":"ImageObject","inLanguage":"tr","@id":"https:\/\/secure.gravatar.com\/avatar\/02107d982b959c1234fd880952cbc459fbfe3e673a91102388aaadebcf224c5a?s=96&d=mm&r=g","url":"https:\/\/secure.gravatar.com\/avatar\/02107d982b959c1234fd880952cbc459fbfe3e673a91102388aaadebcf224c5a?s=96&d=mm&r=g","contentUrl":"https:\/\/secure.gravatar.com\/avatar\/02107d982b959c1234fd880952cbc459fbfe3e673a91102388aaadebcf224c5a?s=96&d=mm&r=g","caption":"Fark Labs"},"url":"https:\/\/www.farklabs.com\/tr\/author\/farmaster\/"}]}},"_links":{"self":[{"href":"https:\/\/www.farklabs.com\/tr\/wp-json\/wp\/v2\/posts\/16414","targetHints":{"allow":["GET"]}}],"collection":[{"href":"https:\/\/www.farklabs.com\/tr\/wp-json\/wp\/v2\/posts"}],"about":[{"href":"https:\/\/www.farklabs.com\/tr\/wp-json\/wp\/v2\/types\/post"}],"author":[{"embeddable":true,"href":"https:\/\/www.farklabs.com\/tr\/wp-json\/wp\/v2\/users\/1"}],"replies":[{"embeddable":true,"href":"https:\/\/www.farklabs.com\/tr\/wp-json\/wp\/v2\/comments?post=16414"}],"version-history":[{"count":2,"href":"https:\/\/www.farklabs.com\/tr\/wp-json\/wp\/v2\/posts\/16414\/revisions"}],"predecessor-version":[{"id":16423,"href":"https:\/\/www.farklabs.com\/tr\/wp-json\/wp\/v2\/posts\/16414\/revisions\/16423"}],"wp:featuredmedia":[{"embeddable":true,"href":"https:\/\/www.farklabs.com\/tr\/wp-json\/wp\/v2\/media\/16415"}],"wp:attachment":[{"href":"https:\/\/www.farklabs.com\/tr\/wp-json\/wp\/v2\/media?parent=16414"}],"wp:term":[{"taxonomy":"category","embeddable":true,"href":"https:\/\/www.farklabs.com\/tr\/wp-json\/wp\/v2\/categories?post=16414"},{"taxonomy":"post_tag","embeddable":true,"href":"https:\/\/www.farklabs.com\/tr\/wp-json\/wp\/v2\/tags?post=16414"}],"curies":[{"name":"wp","href":"https:\/\/api.w.org\/{rel}","templated":true}]}}