{"id":17299,"date":"2025-06-13T14:00:06","date_gmt":"2025-06-13T11:00:06","guid":{"rendered":"https:\/\/www.farklabs.com\/?p=17299"},"modified":"2025-06-17T16:33:45","modified_gmt":"2025-06-17T13:33:45","slug":"access2tech-europe-industx-innovation-call-gelecegin-endustriyel-girisimleri-izmirde-bulustu","status":"publish","type":"post","link":"https:\/\/www.farklabs.com\/tr\/access2tech-europe-industx-innovation-call-gelecegin-endustriyel-girisimleri-izmirde-bulustu\/","title":{"rendered":"\u0130\u015fte Kazananlar! Access2Tech Europe | IndustX Innovation Call: Gelece\u011fin End\u00fcstriyel Giri\u015fimleri \u0130zmir\u2019de Bulu\u015ftu"},"content":{"rendered":"\n<p><strong>D\u00f6n\u00fc\u015f\u00fcm\u00fcn Ba\u015f Akt\u00f6rleri: Se\u00e7kin Giri\u015fimler<\/strong><\/p>\n\n\n\n<p>27 May\u0131s 2025, \u0130zmir \u2013 <em><strong>Access2Tech Europe | \u0130zmir feat. IndustX Innovation Call etkinli\u011fi<\/strong><\/em>, sanayinin d\u00f6n\u00fc\u015f\u00fcm\u00fcne y\u00f6n veren fikirlerin sahneye \u00e7\u0131kt\u0131\u011f\u0131 ilham verici bir g\u00fcne ev sahipli\u011fi yapt\u0131. G\u00fcn boyunca, \u00fcretimden yapay zek\u00e2ya, lojistikten karbon yakalama teknolojilerine kadar bir\u00e7ok alanda \u00e7\u00f6z\u00fcm \u00fcreten giri\u015fimler, ger\u00e7ek d\u00fcnya ihtiya\u00e7lar\u0131na yan\u0131t veren yenilik\u00e7i teknolojilerini payla\u015ft\u0131. Etkinlik, etki odakl\u0131 teknolojilerin \u00f6l\u00e7eklenmesini hedefleyen giri\u015fimcilerle, sanayinin d\u00f6n\u00fc\u015f\u00fcm\u00fcn\u00fc h\u0131zland\u0131rmak isteyen liderleri bir araya getirdi.<\/p>\n\n\n\n<p>Etkinlikte sunum yapan giri\u015fimler; \u00fcretim, lojistik, yapay zek\u00e2 ve s\u00fcrd\u00fcr\u00fclebilirlik alanlar\u0131nda ticari olgunlu\u011fa ula\u015fm\u0131\u015f teknolojiler geli\u015ftirerek, sanayide m\u00fckemmeliyeti hedefliyor. Her biri, k\u00fcresel end\u00fcstrinin de\u011fi\u015fen \u00f6nceliklerine yan\u0131t verebilen, \u00f6l\u00e7eklenebilir \u00e7\u00f6z\u00fcmlerle fark yarat\u0131yor:<\/p>\n\n\n\n<h3 class=\"wp-block-heading\" id=\"h-endustriyel-inovasyonun-en-iyileri-odul-kazananlar\"><strong>End\u00fcstriyel \u0130novasyonun En \u0130yileri: \u00d6d\u00fcl Kazananlar<\/strong><\/h3>\n\n\n\n<p>Alan\u0131nda uzman j\u00fcri \u00fcyeleri taraf\u0131ndan yap\u0131lan titiz de\u011ferlendirme sonucunda, etki potansiyeli en y\u00fcksek giri\u015fimler \u00f6d\u00fcllendirildi. G\u00fcn sonunda ger\u00e7ekle\u015fen \u00f6d\u00fcl t\u00f6reninde, yenilik\u00e7ilik ve \u00f6l\u00e7eklenebilirlik kriterlerinde \u00f6ne \u00e7\u0131kan giri\u015fimler takdir edildi:<\/p>\n\n\n\n<ul class=\"wp-block-list\">\n<li><strong>Birincilik + CES \u00d6d\u00fcl\u00fc <\/strong>\u2014 <a href=\"https:\/\/www.linkedin.com\/company\/26244721\/admin\/page-posts\/published\/#\" target=\"_blank\" rel=\"noreferrer noopener\">Fizix<\/a><\/li>\n<\/ul>\n\n\n\n<p>Fizix AI, end\u00fcstriyel makinelerdeki ar\u0131zalar\u0131 tahmin edebilen ve \u00f6nleyebilen u\u00e7tan uca bir ak\u0131ll\u0131 makine sa\u011fl\u0131k izleme \u00e7\u00f6z\u00fcm\u00fcd\u00fcr. Kendi geli\u015ftirdi\u011fi IoT sens\u00f6rleri, titre\u015fim, s\u0131cakl\u0131k, ultrason ve m\u0131knat\u0131s gibi verileri saniyede 100.000 kez toplayarak anl\u0131k analiz yapar. Bu verilerden elde edilen 70&#8217;ten fazla anlaml\u0131 parametre, \u00fcretim hatlar\u0131n\u0131n durmas\u0131n\u0131 \u00f6nler ve enerji verimlili\u011fini art\u0131r\u0131r. SASA gibi b\u00fcy\u00fck sanayi \u015firketleriyle \u00e7al\u0131\u015fan Fizix, 150\u2019den fazla aktif m\u00fc\u015fteriyle s\u0131f\u0131r churn oran\u0131na sahiptir. Donan\u0131m sat\u0131\u015f\u0131, yaz\u0131l\u0131m lisanslamas\u0131 ve y\u0131ll\u0131k bak\u0131m anla\u015fmalar\u0131yla gelir elde eden \u015firket, makine ar\u0131zalar\u0131n\u0131 \u00f6nceden tespit ederek \u00fcretimde s\u00fcreklilik ve s\u00fcrd\u00fcr\u00fclebilirlik sa\u011flar.<\/p>\n\n\n<div class=\"wp-block-image\">\n<figure class=\"aligncenter size-large\"><img loading=\"lazy\" decoding=\"async\" width=\"1024\" height=\"683\" src=\"https:\/\/www.farklabs.com\/wp-content\/uploads\/2025\/06\/ADC_6390-1024x683.jpg\" alt=\"\" class=\"wp-image-17267\" srcset=\"https:\/\/www.farklabs.com\/wp-content\/uploads\/2025\/06\/ADC_6390-1024x683.jpg 1024w, https:\/\/www.farklabs.com\/wp-content\/uploads\/2025\/06\/ADC_6390-300x200.jpg 300w, https:\/\/www.farklabs.com\/wp-content\/uploads\/2025\/06\/ADC_6390-768x512.jpg 768w, https:\/\/www.farklabs.com\/wp-content\/uploads\/2025\/06\/ADC_6390-1536x1024.jpg 1536w, https:\/\/www.farklabs.com\/wp-content\/uploads\/2025\/06\/ADC_6390-2048x1365.jpg 2048w, https:\/\/www.farklabs.com\/wp-content\/uploads\/2025\/06\/ADC_6390-1568x1045.jpg 1568w\" sizes=\"auto, (max-width: 1024px) 100vw, 1024px\" \/><figcaption class=\"wp-element-caption\"><a href=\"https:\/\/www.linkedin.com\/in\/ahu-buyukkusoglu-serter\/\" target=\"_blank\" rel=\"noreferrer noopener\">Ahu Serter<\/a>, Fark Labs Kurucusu &#8211; <a href=\"https:\/\/www.linkedin.com\/company\/26244721\/admin\/page-posts\/published\/#\" target=\"_blank\" rel=\"noreferrer noopener\">Burak Ba\u011fc\u0131<\/a>, Fizix Proje Y\u00f6neticisi<\/figcaption><\/figure>\n<\/div>\n\n\n<ul class=\"wp-block-list\">\n<li><strong>\u0130kincilik<\/strong> \u2014 <a href=\"https:\/\/www.linkedin.com\/company\/26244721\/admin\/page-posts\/published\/#\" target=\"_blank\" rel=\"noreferrer noopener\"><\/a><a href=\"https:\/\/www.linkedin.com\/company\/26244721\/admin\/page-posts\/published\/#\" target=\"_blank\" rel=\"noreferrer noopener\">Carbon Gate<\/a><\/li>\n<\/ul>\n\n\n\n<p>Carbon Gate, \u015firketlerin karbon emisyonlar\u0131n\u0131 \u00f6l\u00e7mesini, raporlamas\u0131n\u0131 ve azaltmas\u0131n\u0131 sa\u011flayan bir karbon muhasebesi ve s\u00fcrd\u00fcr\u00fclebilirlik platformudur. Avrupa Birli\u011fi\u2019nin C-BAM (Karbon S\u0131n\u0131r Ayarlama Mekanizmas\u0131) d\u00fczenlemelerine uyum i\u00e7in geli\u015ftirilen platform, ERP ve e-fatura entegrasyonlar\u0131yla firmalar\u0131n ger\u00e7ek zamanl\u0131 ve denetime haz\u0131r raporlar \u00fcretmesini sa\u011flar. 18 ayda 120\u2019nin \u00fczerinde kurumsal m\u00fc\u015fteriye ula\u015fan giri\u015fim, y\u0131ll\u0131k abonelik modeliyle \u00e7al\u0131\u015f\u0131r. T\u00fcrk Telekom ve T\u00fcrkiye Ekonomi Bankas\u0131 gibi b\u00fcy\u00fck kurumsal referanslara sahiptir.<\/p>\n\n\n<div class=\"wp-block-image\">\n<figure class=\"aligncenter size-large\"><img loading=\"lazy\" decoding=\"async\" width=\"1024\" height=\"618\" src=\"https:\/\/www.farklabs.com\/wp-content\/uploads\/2025\/06\/Fark-Labs-IndustX-Demo-Day-Gorsel3-kopyasi-1024x618.png\" alt=\"\" class=\"wp-image-17262\" srcset=\"https:\/\/www.farklabs.com\/wp-content\/uploads\/2025\/06\/Fark-Labs-IndustX-Demo-Day-Gorsel3-kopyasi-1024x618.png 1024w, https:\/\/www.farklabs.com\/wp-content\/uploads\/2025\/06\/Fark-Labs-IndustX-Demo-Day-Gorsel3-kopyasi-300x181.png 300w, https:\/\/www.farklabs.com\/wp-content\/uploads\/2025\/06\/Fark-Labs-IndustX-Demo-Day-Gorsel3-kopyasi-768x463.png 768w, https:\/\/www.farklabs.com\/wp-content\/uploads\/2025\/06\/Fark-Labs-IndustX-Demo-Day-Gorsel3-kopyasi.png 1490w\" sizes=\"auto, (max-width: 1024px) 100vw, 1024px\" \/><figcaption class=\"wp-element-caption\"><a href=\"https:\/\/www.linkedin.com\/in\/fatih-uysal-665628121\/\" target=\"_blank\" rel=\"noreferrer noopener\">Fatih Uysal <\/a>Norm Holding Y\u00f6netim Kurulu Ba\u015fkan\u0131 &#8211; <a href=\"https:\/\/www.linkedin.com\/company\/26244721\/admin\/page-posts\/published\/#\" target=\"_blank\" rel=\"noreferrer noopener\">Okan Dursun<\/a> Carbon Gate Kurucu Orta\u011f\u0131<\/figcaption><\/figure>\n<\/div>\n\n\n<ul class=\"wp-block-list\">\n<li><strong>\u00dc\u00e7\u00fcnc\u00fcl\u00fck<\/strong>\u00a0\u2014\u00a0<a href=\"https:\/\/www.linkedin.com\/company\/26244721\/admin\/page-posts\/published\/#\" target=\"_blank\" rel=\"noreferrer noopener\">Simularge<\/a><\/li>\n<\/ul>\n\n\n\n<p>Simularge, \u00fcretim hatlar\u0131nda dijital ikiz teknolojileriyle verimlili\u011fi art\u0131ran, enerji ve hammadde kullan\u0131m\u0131n\u0131 optimize eden bir yaz\u0131l\u0131m platformudur. \u00dcretim hatt\u0131ndan gelen sens\u00f6r ve PLC verilerini, m\u00fchendislik bilimi (termodinamik, malzeme bilimi) ve veri bilimi ile birle\u015ftirerek ger\u00e7ek zamanl\u0131 i\u00e7g\u00f6r\u00fcler \u00fcretir. Beko ve Vestel gibi b\u00fcy\u00fck \u00fcreticilerle \u00e7al\u0131\u015fan Simularge, tek bir \u00fcretim hatt\u0131nda y\u0131ll\u0131k \u20ac2M tasarruf sa\u011flad\u0131. \u00dcr\u00fcn, hem bulut hem on-prem olarak kurulabiliyor ve birka\u00e7 g\u00fcn i\u00e7inde devreye al\u0131nabiliyor.<\/p>\n\n\n<div class=\"wp-block-image\">\n<figure class=\"aligncenter size-large\"><img loading=\"lazy\" decoding=\"async\" width=\"1024\" height=\"683\" src=\"https:\/\/www.farklabs.com\/wp-content\/uploads\/2025\/06\/ADC_6367-1024x683.jpg\" alt=\"\" class=\"wp-image-17258\" srcset=\"https:\/\/www.farklabs.com\/wp-content\/uploads\/2025\/06\/ADC_6367-1024x683.jpg 1024w, https:\/\/www.farklabs.com\/wp-content\/uploads\/2025\/06\/ADC_6367-300x200.jpg 300w, https:\/\/www.farklabs.com\/wp-content\/uploads\/2025\/06\/ADC_6367-768x512.jpg 768w, https:\/\/www.farklabs.com\/wp-content\/uploads\/2025\/06\/ADC_6367-1536x1024.jpg 1536w, https:\/\/www.farklabs.com\/wp-content\/uploads\/2025\/06\/ADC_6367-2048x1365.jpg 2048w, https:\/\/www.farklabs.com\/wp-content\/uploads\/2025\/06\/ADC_6367-1568x1045.jpg 1568w\" sizes=\"auto, (max-width: 1024px) 100vw, 1024px\" \/><figcaption class=\"wp-element-caption\"><a href=\"https:\/\/www.linkedin.com\/in\/haluk-%C3%B6zyavuz-288a25100\/\" target=\"_blank\" rel=\"noreferrer noopener\">Haluk \u00d6zyavuz<\/a> Cevher Grup \u0130cra Kurulu Ba\u015fkan\u0131 &#8211; <a href=\"https:\/\/www.linkedin.com\/in\/erhanturan\/\" target=\"_blank\" rel=\"noreferrer noopener\">Erhan Turan<\/a> Simularge Kurucu Ortak<\/figcaption><\/figure>\n<\/div>\n\n\n<h3 class=\"wp-block-heading\" id=\"h-paid-poc-odulleri\"><strong>Paid PoC \u00d6d\u00fclleri:<\/strong><\/h3>\n\n\n\n<ul class=\"wp-block-list\">\n<li><a href=\"https:\/\/www.linkedin.com\/company\/26244721\/admin\/page-posts\/published\/#\" target=\"_blank\" rel=\"noreferrer noopener\">Arkas Holding<\/a> \u2014 <a href=\"https:\/\/www.linkedin.com\/company\/26244721\/admin\/page-posts\/published\/#\" target=\"_blank\" rel=\"noreferrer noopener\">Navlandis<\/a><\/li>\n<\/ul>\n\n\n\n<p>Navlandis, bo\u015f konteyner ta\u015f\u0131mac\u0131l\u0131\u011f\u0131ndaki verimsizlik ve karbon sal\u0131m\u0131n\u0131 azaltmak i\u00e7in katlanabilir deniz konteynerleri geli\u015ftiriyor. K\u00fcresel \u00f6l\u00e7ekte her d\u00f6rt konteynerden biri bo\u015f ta\u015f\u0131n\u0131yor ve bu sekt\u00f6r y\u0131ll\u0131k $20 milyar maliyet ve 200 milyon ton CO\u2082 emisyonuna neden oluyor. Navlandis\u2019in C-Fold konteynerleri, bo\u015fken %80 daha az yer kaplayarak ta\u015f\u0131mada alan, yak\u0131t ve maliyet tasarrufu sa\u011fl\u0131yor. \u015eirketin yenilik\u00e7i i\u015f modeli, m\u00fc\u015fterinin sa\u011flad\u0131\u011f\u0131 tasarruf oran\u0131na g\u00f6re \u00f6deme yap\u0131lmas\u0131n\u0131 sa\u011fl\u0131yor.<\/p>\n\n\n<div class=\"wp-block-image\">\n<figure class=\"aligncenter size-large\"><img loading=\"lazy\" decoding=\"async\" width=\"1024\" height=\"768\" src=\"https:\/\/www.farklabs.com\/wp-content\/uploads\/2025\/06\/ADC_6291-1024x768.jpg\" alt=\"\" class=\"wp-image-17253\" srcset=\"https:\/\/www.farklabs.com\/wp-content\/uploads\/2025\/06\/ADC_6291-1024x768.jpg 1024w, https:\/\/www.farklabs.com\/wp-content\/uploads\/2025\/06\/ADC_6291-300x225.jpg 300w, https:\/\/www.farklabs.com\/wp-content\/uploads\/2025\/06\/ADC_6291-768x576.jpg 768w, https:\/\/www.farklabs.com\/wp-content\/uploads\/2025\/06\/ADC_6291-1536x1152.jpg 1536w, https:\/\/www.farklabs.com\/wp-content\/uploads\/2025\/06\/ADC_6291-2048x1536.jpg 2048w, https:\/\/www.farklabs.com\/wp-content\/uploads\/2025\/06\/ADC_6291-1568x1176.jpg 1568w\" sizes=\"auto, (max-width: 1024px) 100vw, 1024px\" \/><figcaption class=\"wp-element-caption\"><a href=\"https:\/\/www.linkedin.com\/in\/mert-oruz-66b16141\/\" target=\"_blank\" rel=\"noreferrer noopener\">Mert Oruz<\/a> Arkas Holding CIO &#8211; <a href=\"https:\/\/www.linkedin.com\/company\/26244721\/admin\/page-posts\/published\/#\" target=\"_blank\" rel=\"noreferrer noopener\">Miguel A. Naval\u00f3n<\/a>, Navlandis Kurucusu<\/figcaption><\/figure>\n<\/div>\n\n\n<ul class=\"wp-block-list\">\n<li><a href=\"https:\/\/www.linkedin.com\/company\/26244721\/admin\/page-posts\/published\/#\" target=\"_blank\" rel=\"noreferrer noopener\">Cevher Group<\/a> \u2014 <a href=\"https:\/\/www.linkedin.com\/company\/26244721\/admin\/page-posts\/published\/#\" target=\"_blank\" rel=\"noreferrer noopener\">TheyeQ<\/a><\/li>\n<\/ul>\n\n\n\n<p>TheyeQ, \u00fcretim hatlar\u0131nda manuel kalite kontrol s\u00fcre\u00e7lerini yapay zeka destekli g\u00f6r\u00fcnt\u00fc i\u015fleme sistemleriyle otomatize eder. Saniyeler i\u00e7inde \u00fcretim par\u00e7alar\u0131n\u0131n do\u011fru monte edilip edilmedi\u011fini, hatal\u0131 veya eksik olup olmad\u0131\u011f\u0131n\u0131 %99+ do\u011frulukla tespit edebilir. Sistem, polimerik ve termal g\u00f6r\u00fcnt\u00fcleme ile \u00e7al\u0131\u015f\u0131r ve herhangi bir insan m\u00fcdahalesi gerektirmeden ger\u00e7ek zamanl\u0131 karar verir. Avrupa\u2019da OEM ve Tier-1 tedarik\u00e7ilerle \u00e7al\u0131\u015fmaktad\u0131r.<\/p>\n\n\n<div class=\"wp-block-image\">\n<figure class=\"aligncenter size-large\"><img loading=\"lazy\" decoding=\"async\" width=\"1024\" height=\"762\" src=\"https:\/\/www.farklabs.com\/wp-content\/uploads\/2025\/06\/5-theyeQ-1024x762.jpg\" alt=\"\" class=\"wp-image-17273\" srcset=\"https:\/\/www.farklabs.com\/wp-content\/uploads\/2025\/06\/5-theyeQ-1024x762.jpg 1024w, https:\/\/www.farklabs.com\/wp-content\/uploads\/2025\/06\/5-theyeQ-300x223.jpg 300w, https:\/\/www.farklabs.com\/wp-content\/uploads\/2025\/06\/5-theyeQ-768x572.jpg 768w, https:\/\/www.farklabs.com\/wp-content\/uploads\/2025\/06\/5-theyeQ-1536x1143.jpg 1536w, https:\/\/www.farklabs.com\/wp-content\/uploads\/2025\/06\/5-theyeQ-2048x1524.jpg 2048w, https:\/\/www.farklabs.com\/wp-content\/uploads\/2025\/06\/5-theyeQ-1568x1167.jpg 1568w\" sizes=\"auto, (max-width: 1024px) 100vw, 1024px\" \/><figcaption class=\"wp-element-caption\"><a href=\"https:\/\/www.linkedin.com\/in\/oguz-ozmen\/\" target=\"_blank\" rel=\"noreferrer noopener\">O\u011fuz \u00d6zmen<\/a> Cevher Grup CEO &#8211; <a href=\"https:\/\/www.linkedin.com\/in\/peter-lowe-16a8bb10\/\" target=\"_blank\" rel=\"noreferrer noopener\">Peter Lowe<\/a> TheyeQ Uluslararas\u0131 Geli\u015fim Direkt\u00f6r\u00fc<\/figcaption><\/figure>\n<\/div>\n\n\n<ul class=\"wp-block-list\">\n<li><a href=\"https:\/\/www.linkedin.com\/company\/26244721\/admin\/page-posts\/published\/#\" target=\"_blank\" rel=\"noreferrer noopener\">Farplas<\/a> Automotive \u2014 <a href=\"https:\/\/www.linkedin.com\/company\/26244721\/admin\/page-posts\/published\/#\" target=\"_blank\" rel=\"noreferrer noopener\">Inovako<\/a><\/li>\n<\/ul>\n\n\n\n<p>Inovako, yapay zeka destekli end\u00fcstriyel kalite kontrol \u00e7\u00f6z\u00fcmleri sunan bir Vision AI giri\u015fimidir. Kodlama gerektirmeyen \u201cDeepmaster\u201d adl\u0131 platformlar\u0131 sayesinde, otomotiv, elektronik ve g\u0131da gibi sekt\u00f6rlerdeki \u00fcretim hatlar\u0131na h\u0131zl\u0131 ve kolay bir \u015fekilde entegre edilebilen denetim sistemleri geli\u015ftirir. Y\u00fczey denetimi, montaj kontrol\u00fc ve cam denetimi gibi \u00e7e\u015fitli uygulamalarda kullan\u0131labilir. FIAT, Celantex gibi b\u00fcy\u00fck sanayi \u015firketleriyle \u00e7al\u0131\u015fmakta; EIT Manufacturing gibi Avrupa\u2019n\u0131n \u00f6nde gelen programlar\u0131 taraf\u0131ndan desteklenmektedir.<\/p>\n\n\n<div class=\"wp-block-image\">\n<figure class=\"aligncenter size-large is-resized\"><img loading=\"lazy\" decoding=\"async\" width=\"1024\" height=\"683\" src=\"https:\/\/www.farklabs.com\/wp-content\/uploads\/2025\/06\/6-inovako-1024x683.jpg\" alt=\"\" class=\"wp-image-17277\" style=\"width:1024px;height:auto\" srcset=\"https:\/\/www.farklabs.com\/wp-content\/uploads\/2025\/06\/6-inovako-1024x683.jpg 1024w, https:\/\/www.farklabs.com\/wp-content\/uploads\/2025\/06\/6-inovako-300x200.jpg 300w, https:\/\/www.farklabs.com\/wp-content\/uploads\/2025\/06\/6-inovako-768x512.jpg 768w, https:\/\/www.farklabs.com\/wp-content\/uploads\/2025\/06\/6-inovako-1536x1024.jpg 1536w, https:\/\/www.farklabs.com\/wp-content\/uploads\/2025\/06\/6-inovako-2048x1365.jpg 2048w, https:\/\/www.farklabs.com\/wp-content\/uploads\/2025\/06\/6-inovako-1568x1045.jpg 1568w\" sizes=\"auto, (max-width: 1024px) 100vw, 1024px\" \/><figcaption class=\"wp-element-caption\"><a href=\"https:\/\/www.linkedin.com\/in\/emin-atac-211ba15\/\" target=\"_blank\" rel=\"noreferrer noopener\">Emin Ata\u00e7<\/a> Farplas CEO &#8211; <a href=\"https:\/\/www.linkedin.com\/in\/arslanmzahid\/\" target=\"_blank\" rel=\"noreferrer noopener\">Arslan Zahid<\/a> \u0130novako Arge Direkt\u00f6r\u00fc<\/figcaption><\/figure>\n<\/div>\n\n\n<ul class=\"wp-block-list\">\n<li><a href=\"https:\/\/www.linkedin.com\/company\/26244721\/admin\/page-posts\/published\/#\" target=\"_blank\" rel=\"noreferrer noopener\">Norm Holding<\/a> \u2014 <a href=\"https:\/\/www.linkedin.com\/company\/26244721\/admin\/page-posts\/published\/#\" target=\"_blank\" rel=\"noreferrer noopener\">Inovako<\/a><\/li>\n<\/ul>\n\n\n<div class=\"wp-block-image\">\n<figure class=\"aligncenter size-large\"><img loading=\"lazy\" decoding=\"async\" width=\"1024\" height=\"683\" src=\"https:\/\/www.farklabs.com\/wp-content\/uploads\/2025\/06\/7-inovako-1024x683.jpg\" alt=\"\" class=\"wp-image-17281\" srcset=\"https:\/\/www.farklabs.com\/wp-content\/uploads\/2025\/06\/7-inovako-1024x683.jpg 1024w, https:\/\/www.farklabs.com\/wp-content\/uploads\/2025\/06\/7-inovako-300x200.jpg 300w, https:\/\/www.farklabs.com\/wp-content\/uploads\/2025\/06\/7-inovako-768x512.jpg 768w, https:\/\/www.farklabs.com\/wp-content\/uploads\/2025\/06\/7-inovako-1536x1024.jpg 1536w, https:\/\/www.farklabs.com\/wp-content\/uploads\/2025\/06\/7-inovako-2048x1365.jpg 2048w, https:\/\/www.farklabs.com\/wp-content\/uploads\/2025\/06\/7-inovako-1568x1045.jpg 1568w\" sizes=\"auto, (max-width: 1024px) 100vw, 1024px\" \/><figcaption class=\"wp-element-caption\"><a href=\"https:\/\/www.linkedin.com\/in\/nedim-uysal-2a290a46\/\" target=\"_blank\" rel=\"noreferrer noopener\">Nedim Uysal <\/a>Norm Holding Ba\u015fkan Yard\u0131mc\u0131s\u0131 &#8211; <a href=\"https:\/\/www.linkedin.com\/in\/arslanmzahid\/\" target=\"_blank\" rel=\"noreferrer noopener\">Arslan Zahid<\/a> \u0130novako Arge Direkt\u00f6r\u00fc<\/figcaption><\/figure>\n<\/div>\n\n\n<h3 class=\"wp-block-heading\" id=\"h-eit-manufacturing-odulleri\"><strong><a href=\"https:\/\/www.linkedin.com\/company\/26244721\/admin\/page-posts\/published\/#\" target=\"_blank\" rel=\"noreferrer noopener\">EIT Manufacturing<\/a> \u00d6d\u00fclleri:<\/strong><\/h3>\n\n\n\n<ul class=\"wp-block-list\">\n<li><strong>Access2Tech \u00d6d\u00fcl\u00fc<\/strong> \u2014 <a href=\"https:\/\/www.linkedin.com\/company\/26244721\/admin\/page-posts\/published\/#\" target=\"_blank\" rel=\"noreferrer noopener\">HELIOS<\/a><\/li>\n<\/ul>\n\n\n\n<p>Helios, a\u011f\u0131r sanayide CO\u2082 sal\u0131m\u0131n\u0131 azaltmak amac\u0131yla geli\u015ftirilen, metal-organik iskelet yap\u0131l\u0131 (MOF) malzemelerle \u00e7al\u0131\u015fan karbon yakalama sistemleri sunar. Sistemleri, \u00e7imento, demir-\u00e7elik ve al\u00fcminyum gibi sekt\u00f6rlere \u00f6zel olarak \u00f6zelle\u015ftirilebilir. Entegre manyetik alan teknolojisiyle CO\u2082 sal\u0131m\u0131n\u0131 se\u00e7ici olarak yakalarken enerji t\u00fcketimini %20 azalt\u0131r. T\u00fcrkiye\u2019de karbon yakalamaya y\u00f6nelik ilk y\u00fcksek performansl\u0131 malzeme tabanl\u0131 \u00e7\u00f6z\u00fcmlerden biridir.<\/p>\n\n\n<div class=\"wp-block-image\">\n<figure class=\"aligncenter size-large\"><img loading=\"lazy\" decoding=\"async\" width=\"1024\" height=\"683\" src=\"https:\/\/www.farklabs.com\/wp-content\/uploads\/2025\/06\/8-helios-1024x683.jpg\" alt=\"\" class=\"wp-image-17285\" srcset=\"https:\/\/www.farklabs.com\/wp-content\/uploads\/2025\/06\/8-helios-1024x683.jpg 1024w, https:\/\/www.farklabs.com\/wp-content\/uploads\/2025\/06\/8-helios-300x200.jpg 300w, https:\/\/www.farklabs.com\/wp-content\/uploads\/2025\/06\/8-helios-768x512.jpg 768w, https:\/\/www.farklabs.com\/wp-content\/uploads\/2025\/06\/8-helios-1536x1024.jpg 1536w, https:\/\/www.farklabs.com\/wp-content\/uploads\/2025\/06\/8-helios-2048x1365.jpg 2048w, https:\/\/www.farklabs.com\/wp-content\/uploads\/2025\/06\/8-helios-1568x1045.jpg 1568w\" sizes=\"auto, (max-width: 1024px) 100vw, 1024px\" \/><figcaption class=\"wp-element-caption\"><a href=\"https:\/\/www.linkedin.com\/in\/vivsophou\/\" target=\"_blank\" rel=\"noreferrer noopener\">Vivian Sophou<\/a> K\u0131demli \u0130\u015f Geli\u015ftirme ve \u0130novasyon Y\u00f6neticisi EIT Manufacturing G\u00fcneydo\u011fu Avrupa<br><a href=\"https:\/\/www.linkedin.com\/in\/niki-kousi-3b8824a1\/\" target=\"_blank\" rel=\"noreferrer noopener\">Niki Kousi<\/a> EIT Manufacturing G\u00fcneydo\u011fu Avrupa B\u00f6lge Direkt\u00f6r\u00fc &#8211; <a href=\"https:\/\/www.linkedin.com\/in\/uysalgm\/\" target=\"_blank\" rel=\"noreferrer noopener\">Gizem Uysal <\/a>Helios Kurucusu<\/figcaption><\/figure>\n<\/div>\n\n\n<ul class=\"wp-block-list\">\n<li><strong>Access2Market \u00d6d\u00fcl\u00fc<\/strong> \u2014 <a href=\"https:\/\/www.linkedin.com\/company\/26244721\/admin\/page-posts\/published\/#\" target=\"_blank\" rel=\"noreferrer noopener\">Lumos Laser<\/a><\/li>\n<\/ul>\n\n\n\n<p>Lumos Laser, ultra h\u0131zl\u0131 femtosaniye lazer sistemleri geli\u015ftirerek end\u00fcstriyel hassas \u00fcretimi yeniden tan\u0131ml\u0131yor. Geli\u015ftirdikleri \u201cCoolburst\u201d teknolojisiyle piyasadaki lazerlerden 15 kat daha h\u0131zl\u0131 ve \u00e7ok daha kompakt sistemler sunuyor. Lazer kayna\u011f\u0131n\u0131 \u00fcniversitelere satmaya ba\u015flad\u0131, otomotiv cam\u0131 kaplama temizli\u011fi ve ak\u0131ll\u0131 medikal lens \u00fcretimi gibi ni\u015f alanlarda pilot \u00e7al\u0131\u015fmalar y\u00fcr\u00fct\u00fcyor. Derin teknoloji odakl\u0131 bu giri\u015fim, y\u00fcksek katma de\u011ferli mikro-imalat uygulamalar\u0131 i\u00e7in \u00e7\u0131\u011f\u0131r a\u00e7\u0131c\u0131 bir \u00e7\u00f6z\u00fcm sunuyor.<\/p>\n\n\n<div class=\"wp-block-image\">\n<figure class=\"aligncenter size-large\"><img loading=\"lazy\" decoding=\"async\" width=\"1024\" height=\"683\" src=\"https:\/\/www.farklabs.com\/wp-content\/uploads\/2025\/06\/9-lumos-laser-1024x683.jpg\" alt=\"\" class=\"wp-image-17289\" srcset=\"https:\/\/www.farklabs.com\/wp-content\/uploads\/2025\/06\/9-lumos-laser-1024x683.jpg 1024w, https:\/\/www.farklabs.com\/wp-content\/uploads\/2025\/06\/9-lumos-laser-300x200.jpg 300w, https:\/\/www.farklabs.com\/wp-content\/uploads\/2025\/06\/9-lumos-laser-768x512.jpg 768w, https:\/\/www.farklabs.com\/wp-content\/uploads\/2025\/06\/9-lumos-laser-1536x1024.jpg 1536w, https:\/\/www.farklabs.com\/wp-content\/uploads\/2025\/06\/9-lumos-laser-2048x1365.jpg 2048w, https:\/\/www.farklabs.com\/wp-content\/uploads\/2025\/06\/9-lumos-laser-1568x1045.jpg 1568w\" sizes=\"auto, (max-width: 1024px) 100vw, 1024px\" \/><figcaption class=\"wp-element-caption\"><a href=\"https:\/\/www.linkedin.com\/in\/vivsophou\/\" target=\"_blank\" rel=\"noreferrer noopener\">Vivian Sophou<\/a> K\u0131demli \u0130\u015f Geli\u015ftirme ve \u0130novasyon Y\u00f6neticisi EIT Manufacturing G\u00fcneydo\u011fu Avrupa<br><a href=\"https:\/\/www.linkedin.com\/in\/niki-kousi-3b8824a1\/\" target=\"_blank\" rel=\"noreferrer noopener\">Niki Kousi<\/a> EIT Manufacturing G\u00fcneydo\u011fu Avrupa B\u00f6lge Direkt\u00f6r\u00fc &#8211; <a href=\"https:\/\/www.linkedin.com\/in\/dr-altan-yildirim-b0ab411a\/\" target=\"_blank\" rel=\"noreferrer noopener\">Altan Y\u0131ld\u0131r\u0131m<\/a> Lumos Laser Kurucusu<\/figcaption><\/figure>\n<\/div>\n\n\n<ul class=\"wp-block-list\">\n<li><strong>AI \u00d6d\u00fcl\u00fc <\/strong>\u2014 <a href=\"https:\/\/www.linkedin.com\/company\/26244721\/admin\/page-posts\/published\/#\" target=\"_blank\" rel=\"noreferrer noopener\">Inovako<\/a><\/li>\n<\/ul>\n\n\n<div class=\"wp-block-image\">\n<figure class=\"aligncenter size-large\"><img loading=\"lazy\" decoding=\"async\" width=\"1024\" height=\"683\" src=\"https:\/\/www.farklabs.com\/wp-content\/uploads\/2025\/06\/10-inovako-1024x683.jpg\" alt=\"\" class=\"wp-image-17293\" srcset=\"https:\/\/www.farklabs.com\/wp-content\/uploads\/2025\/06\/10-inovako-1024x683.jpg 1024w, https:\/\/www.farklabs.com\/wp-content\/uploads\/2025\/06\/10-inovako-300x200.jpg 300w, https:\/\/www.farklabs.com\/wp-content\/uploads\/2025\/06\/10-inovako-768x512.jpg 768w, https:\/\/www.farklabs.com\/wp-content\/uploads\/2025\/06\/10-inovako-1536x1024.jpg 1536w, https:\/\/www.farklabs.com\/wp-content\/uploads\/2025\/06\/10-inovako-2048x1365.jpg 2048w, https:\/\/www.farklabs.com\/wp-content\/uploads\/2025\/06\/10-inovako-1568x1045.jpg 1568w\" sizes=\"auto, (max-width: 1024px) 100vw, 1024px\" \/><figcaption class=\"wp-element-caption\"><a href=\"https:\/\/www.linkedin.com\/in\/vivsophou\/\" target=\"_blank\" rel=\"noreferrer noopener\">Vivian Sophou<\/a> K\u0131demli \u0130\u015f Geli\u015ftirme ve \u0130novasyon Y\u00f6neticisi EIT Manufacturing G\u00fcneydo\u011fu Avrupa<br><a href=\"https:\/\/www.linkedin.com\/in\/niki-kousi-3b8824a1\/\" target=\"_blank\" rel=\"noreferrer noopener\">Niki Kousi<\/a> EIT Manufacturing G\u00fcneydo\u011fu Avrupa B\u00f6lge Direkt\u00f6r\u00fc &#8211; <a href=\"https:\/\/www.linkedin.com\/in\/arslanmzahid\/\" target=\"_blank\" rel=\"noreferrer noopener\">Arslan Zahid<\/a> \u0130novako Arge Direkt\u00f6r\u00fc<\/figcaption><\/figure>\n<\/div>\n\n\n<p>T\u00fcm kazananlar\u0131 i\u00e7tenlikle tebrik ediyor; bu unutulmaz etkinli\u011fin ba\u015far\u0131s\u0131nda eme\u011fi ge\u00e7en partnerlerimize, j\u00fcri \u00fcyelerimize ve kat\u0131l\u0131mc\u0131lara te\u015fekk\u00fcr ediyoruz.<\/p>\n\n\n\n<p><strong>Birlikte, sanayinin gelece\u011fini \u015fekillendiren de\u011fi\u015fim \u00f6nc\u00fclerini kutluyoruz.<\/strong><\/p>\n\n\n\n<p><\/p>\n","protected":false},"excerpt":{"rendered":"<p>D\u00f6n\u00fc\u015f\u00fcm\u00fcn Ba\u015f Akt\u00f6rleri: Se\u00e7kin Giri\u015fimler 27 May\u0131s 2025, \u0130zmir \u2013 Access2Tech Europe | \u0130zmir feat. IndustX Innovation Call etkinli\u011fi, sanayinin d\u00f6n\u00fc\u015f\u00fcm\u00fcne y\u00f6n veren fikirlerin sahneye \u00e7\u0131kt\u0131\u011f\u0131 ilham verici bir g\u00fcne ev sahipli\u011fi yapt\u0131. G\u00fcn boyunca, \u00fcretimden yapay zek\u00e2ya, lojistikten karbon yakalama teknolojilerine kadar bir\u00e7ok alanda \u00e7\u00f6z\u00fcm \u00fcreten giri\u015fimler, ger\u00e7ek d\u00fcnya ihtiya\u00e7lar\u0131na yan\u0131t veren yenilik\u00e7i teknolojilerini&hellip; <a class=\"more-link\" href=\"https:\/\/www.farklabs.com\/tr\/access2tech-europe-industx-innovation-call-gelecegin-endustriyel-girisimleri-izmirde-bulustu\/\">Continue reading <span class=\"screen-reader-text\">\u0130\u015fte Kazananlar! Access2Tech Europe | IndustX Innovation Call: Gelece\u011fin End\u00fcstriyel Giri\u015fimleri \u0130zmir\u2019de Bulu\u015ftu<\/span><\/a><\/p>\n","protected":false},"author":1,"featured_media":17244,"comment_status":"closed","ping_status":"closed","sticky":false,"template":"","format":"standard","meta":{"_acf_changed":false,"om_disable_all_campaigns":false,"footnotes":""},"categories":[314,239],"tags":[],"class_list":["post-17299","post","type-post","status-publish","format-standard","has-post-thumbnail","hentry","category-corporate-tr","category-uncategorized-tr","entry"],"acf":[],"yoast_head":"<!-- This site is optimized with the Yoast SEO Premium plugin v27.3 (Yoast SEO v27.3) - https:\/\/yoast.com\/product\/yoast-seo-premium-wordpress\/ -->\n<title>Access2Tech 2025 | En \u0130yi End\u00fcstriyel Giri\u015fimler \u00d6d\u00fcllendirildi<\/title>\n<meta name=\"description\" content=\"Access2Tech Europe 2025, yenilik\u00e7ilik, \u00f6l\u00e7eklenebilirlik ve etki kriterleriyle T\u00fcrkiye\u2019nin \u00f6nde gelen end\u00fcstriyel giri\u015fimlerini \u00f6d\u00fcllendirdi.\" \/>\n<meta name=\"robots\" content=\"index, follow, max-snippet:-1, max-image-preview:large, max-video-preview:-1\" \/>\n<link rel=\"canonical\" href=\"https:\/\/www.farklabs.com\/tr\/access2tech-europe-industx-innovation-call-gelecegin-endustriyel-girisimleri-izmirde-bulustu\/\" \/>\n<meta property=\"og:locale\" content=\"tr_TR\" \/>\n<meta property=\"og:type\" content=\"article\" \/>\n<meta property=\"og:title\" content=\"\u0130\u015fte Kazananlar! Access2Tech Europe | IndustX Innovation Call: Gelece\u011fin End\u00fcstriyel Giri\u015fimleri \u0130zmir\u2019de Bulu\u015ftu\" \/>\n<meta property=\"og:description\" content=\"Access2Tech Europe 2025, yenilik\u00e7ilik, \u00f6l\u00e7eklenebilirlik ve etki kriterleriyle T\u00fcrkiye\u2019nin \u00f6nde gelen end\u00fcstriyel giri\u015fimlerini \u00f6d\u00fcllendirdi.\" \/>\n<meta property=\"og:url\" content=\"https:\/\/www.farklabs.com\/tr\/access2tech-europe-industx-innovation-call-gelecegin-endustriyel-girisimleri-izmirde-bulustu\/\" \/>\n<meta property=\"og:site_name\" content=\"Fark Labs\" \/>\n<meta property=\"article:publisher\" content=\"https:\/\/www.facebook.com\/farklabs\/\" \/>\n<meta property=\"article:published_time\" content=\"2025-06-13T11:00:06+00:00\" \/>\n<meta property=\"article:modified_time\" content=\"2025-06-17T13:33:45+00:00\" \/>\n<meta property=\"og:image\" content=\"https:\/\/www.farklabs.com\/wp-content\/uploads\/2025\/06\/Adsiz-tasarim-1-1024x452.png\" \/>\n\t<meta property=\"og:image:width\" content=\"1024\" \/>\n\t<meta property=\"og:image:height\" content=\"452\" \/>\n\t<meta property=\"og:image:type\" content=\"image\/png\" \/>\n<meta name=\"author\" content=\"Fark Labs\" \/>\n<meta name=\"twitter:card\" content=\"summary_large_image\" \/>\n<meta name=\"twitter:creator\" content=\"@farklabs\" \/>\n<meta name=\"twitter:site\" content=\"@farklabs\" \/>\n<meta name=\"twitter:label1\" content=\"Yazan:\" \/>\n\t<meta name=\"twitter:data1\" content=\"Fark Labs\" \/>\n\t<meta name=\"twitter:label2\" content=\"Tahmini okuma s\u00fcresi\" \/>\n\t<meta name=\"twitter:data2\" content=\"7 dakika\" \/>\n<script type=\"application\/ld+json\" class=\"yoast-schema-graph\">{\"@context\":\"https:\\\/\\\/schema.org\",\"@graph\":[{\"@type\":\"Article\",\"@id\":\"https:\\\/\\\/www.farklabs.com\\\/tr\\\/access2tech-europe-industx-innovation-call-gelecegin-endustriyel-girisimleri-izmirde-bulustu\\\/#article\",\"isPartOf\":{\"@id\":\"https:\\\/\\\/www.farklabs.com\\\/tr\\\/access2tech-europe-industx-innovation-call-gelecegin-endustriyel-girisimleri-izmirde-bulustu\\\/\"},\"author\":{\"name\":\"Fark Labs\",\"@id\":\"https:\\\/\\\/www.farklabs.com\\\/#\\\/schema\\\/person\\\/6c587efab44c0dd1489706bc75c0460f\"},\"headline\":\"\u0130\u015fte Kazananlar! Access2Tech Europe | IndustX Innovation Call: Gelece\u011fin End\u00fcstriyel Giri\u015fimleri \u0130zmir\u2019de Bulu\u015ftu\",\"datePublished\":\"2025-06-13T11:00:06+00:00\",\"dateModified\":\"2025-06-17T13:33:45+00:00\",\"mainEntityOfPage\":{\"@id\":\"https:\\\/\\\/www.farklabs.com\\\/tr\\\/access2tech-europe-industx-innovation-call-gelecegin-endustriyel-girisimleri-izmirde-bulustu\\\/\"},\"wordCount\":1238,\"publisher\":{\"@id\":\"https:\\\/\\\/www.farklabs.com\\\/#organization\"},\"image\":{\"@id\":\"https:\\\/\\\/www.farklabs.com\\\/tr\\\/access2tech-europe-industx-innovation-call-gelecegin-endustriyel-girisimleri-izmirde-bulustu\\\/#primaryimage\"},\"thumbnailUrl\":\"https:\\\/\\\/www.farklabs.com\\\/wp-content\\\/uploads\\\/2025\\\/06\\\/Adsiz-tasarim-1.png\",\"articleSection\":[\"CORPORATE\",\"Uncategorized @tr\"],\"inLanguage\":\"tr\"},{\"@type\":\"WebPage\",\"@id\":\"https:\\\/\\\/www.farklabs.com\\\/tr\\\/access2tech-europe-industx-innovation-call-gelecegin-endustriyel-girisimleri-izmirde-bulustu\\\/\",\"url\":\"https:\\\/\\\/www.farklabs.com\\\/tr\\\/access2tech-europe-industx-innovation-call-gelecegin-endustriyel-girisimleri-izmirde-bulustu\\\/\",\"name\":\"Access2Tech 2025 | En \u0130yi End\u00fcstriyel Giri\u015fimler \u00d6d\u00fcllendirildi\",\"isPartOf\":{\"@id\":\"https:\\\/\\\/www.farklabs.com\\\/#website\"},\"primaryImageOfPage\":{\"@id\":\"https:\\\/\\\/www.farklabs.com\\\/tr\\\/access2tech-europe-industx-innovation-call-gelecegin-endustriyel-girisimleri-izmirde-bulustu\\\/#primaryimage\"},\"image\":{\"@id\":\"https:\\\/\\\/www.farklabs.com\\\/tr\\\/access2tech-europe-industx-innovation-call-gelecegin-endustriyel-girisimleri-izmirde-bulustu\\\/#primaryimage\"},\"thumbnailUrl\":\"https:\\\/\\\/www.farklabs.com\\\/wp-content\\\/uploads\\\/2025\\\/06\\\/Adsiz-tasarim-1.png\",\"datePublished\":\"2025-06-13T11:00:06+00:00\",\"dateModified\":\"2025-06-17T13:33:45+00:00\",\"description\":\"Access2Tech Europe 2025, yenilik\u00e7ilik, \u00f6l\u00e7eklenebilirlik ve etki kriterleriyle T\u00fcrkiye\u2019nin \u00f6nde gelen end\u00fcstriyel giri\u015fimlerini \u00f6d\u00fcllendirdi.\",\"breadcrumb\":{\"@id\":\"https:\\\/\\\/www.farklabs.com\\\/tr\\\/access2tech-europe-industx-innovation-call-gelecegin-endustriyel-girisimleri-izmirde-bulustu\\\/#breadcrumb\"},\"inLanguage\":\"tr\",\"potentialAction\":[{\"@type\":\"ReadAction\",\"target\":[\"https:\\\/\\\/www.farklabs.com\\\/tr\\\/access2tech-europe-industx-innovation-call-gelecegin-endustriyel-girisimleri-izmirde-bulustu\\\/\"]}]},{\"@type\":\"ImageObject\",\"inLanguage\":\"tr\",\"@id\":\"https:\\\/\\\/www.farklabs.com\\\/tr\\\/access2tech-europe-industx-innovation-call-gelecegin-endustriyel-girisimleri-izmirde-bulustu\\\/#primaryimage\",\"url\":\"https:\\\/\\\/www.farklabs.com\\\/wp-content\\\/uploads\\\/2025\\\/06\\\/Adsiz-tasarim-1.png\",\"contentUrl\":\"https:\\\/\\\/www.farklabs.com\\\/wp-content\\\/uploads\\\/2025\\\/06\\\/Adsiz-tasarim-1.png\",\"width\":1680,\"height\":742},{\"@type\":\"BreadcrumbList\",\"@id\":\"https:\\\/\\\/www.farklabs.com\\\/tr\\\/access2tech-europe-industx-innovation-call-gelecegin-endustriyel-girisimleri-izmirde-bulustu\\\/#breadcrumb\",\"itemListElement\":[{\"@type\":\"ListItem\",\"position\":1,\"name\":\"Home\",\"item\":\"https:\\\/\\\/www.farklabs.com\\\/tr\\\/\"},{\"@type\":\"ListItem\",\"position\":2,\"name\":\"\u0130\u015fte Kazananlar! Access2Tech Europe | IndustX Innovation Call: Gelece\u011fin End\u00fcstriyel Giri\u015fimleri \u0130zmir\u2019de Bulu\u015ftu\"}]},{\"@type\":\"WebSite\",\"@id\":\"https:\\\/\\\/www.farklabs.com\\\/#website\",\"url\":\"https:\\\/\\\/www.farklabs.com\\\/\",\"name\":\"Fark Labs\",\"description\":\"Better. Future. Together.\",\"publisher\":{\"@id\":\"https:\\\/\\\/www.farklabs.com\\\/#organization\"},\"potentialAction\":[{\"@type\":\"SearchAction\",\"target\":{\"@type\":\"EntryPoint\",\"urlTemplate\":\"https:\\\/\\\/www.farklabs.com\\\/?s={search_term_string}\"},\"query-input\":{\"@type\":\"PropertyValueSpecification\",\"valueRequired\":true,\"valueName\":\"search_term_string\"}}],\"inLanguage\":\"tr\"},{\"@type\":\"Organization\",\"@id\":\"https:\\\/\\\/www.farklabs.com\\\/#organization\",\"name\":\"Fark Labs\",\"url\":\"https:\\\/\\\/www.farklabs.com\\\/\",\"logo\":{\"@type\":\"ImageObject\",\"inLanguage\":\"tr\",\"@id\":\"https:\\\/\\\/www.farklabs.com\\\/#\\\/schema\\\/logo\\\/image\\\/\",\"url\":\"https:\\\/\\\/www.farklabs.com\\\/wp-content\\\/uploads\\\/2022\\\/04\\\/1-Fark-Labs-logo1.png\",\"contentUrl\":\"https:\\\/\\\/www.farklabs.com\\\/wp-content\\\/uploads\\\/2022\\\/04\\\/1-Fark-Labs-logo1.png\",\"width\":337,\"height\":150,\"caption\":\"Fark Labs\"},\"image\":{\"@id\":\"https:\\\/\\\/www.farklabs.com\\\/#\\\/schema\\\/logo\\\/image\\\/\"},\"sameAs\":[\"https:\\\/\\\/www.facebook.com\\\/farklabs\\\/\",\"https:\\\/\\\/x.com\\\/farklabs\",\"https:\\\/\\\/www.instagram.com\\\/farklabs\\\/\",\"https:\\\/\\\/www.linkedin.com\\\/company\\\/farklabs\\\/\",\"https:\\\/\\\/www.youtube.com\\\/c\\\/farklabs\"]},{\"@type\":\"Person\",\"@id\":\"https:\\\/\\\/www.farklabs.com\\\/#\\\/schema\\\/person\\\/6c587efab44c0dd1489706bc75c0460f\",\"name\":\"Fark Labs\",\"image\":{\"@type\":\"ImageObject\",\"inLanguage\":\"tr\",\"@id\":\"https:\\\/\\\/secure.gravatar.com\\\/avatar\\\/02107d982b959c1234fd880952cbc459fbfe3e673a91102388aaadebcf224c5a?s=96&d=mm&r=g\",\"url\":\"https:\\\/\\\/secure.gravatar.com\\\/avatar\\\/02107d982b959c1234fd880952cbc459fbfe3e673a91102388aaadebcf224c5a?s=96&d=mm&r=g\",\"contentUrl\":\"https:\\\/\\\/secure.gravatar.com\\\/avatar\\\/02107d982b959c1234fd880952cbc459fbfe3e673a91102388aaadebcf224c5a?s=96&d=mm&r=g\",\"caption\":\"Fark Labs\"},\"url\":\"https:\\\/\\\/www.farklabs.com\\\/tr\\\/author\\\/farmaster\\\/\"}]}<\/script>\n<!-- \/ Yoast SEO Premium plugin. -->","yoast_head_json":{"title":"Access2Tech 2025 | En \u0130yi End\u00fcstriyel Giri\u015fimler \u00d6d\u00fcllendirildi","description":"Access2Tech Europe 2025, yenilik\u00e7ilik, \u00f6l\u00e7eklenebilirlik ve etki kriterleriyle T\u00fcrkiye\u2019nin \u00f6nde gelen end\u00fcstriyel giri\u015fimlerini \u00f6d\u00fcllendirdi.","robots":{"index":"index","follow":"follow","max-snippet":"max-snippet:-1","max-image-preview":"max-image-preview:large","max-video-preview":"max-video-preview:-1"},"canonical":"https:\/\/www.farklabs.com\/tr\/access2tech-europe-industx-innovation-call-gelecegin-endustriyel-girisimleri-izmirde-bulustu\/","og_locale":"tr_TR","og_type":"article","og_title":"\u0130\u015fte Kazananlar! Access2Tech Europe | IndustX Innovation Call: Gelece\u011fin End\u00fcstriyel Giri\u015fimleri \u0130zmir\u2019de Bulu\u015ftu","og_description":"Access2Tech Europe 2025, yenilik\u00e7ilik, \u00f6l\u00e7eklenebilirlik ve etki kriterleriyle T\u00fcrkiye\u2019nin \u00f6nde gelen end\u00fcstriyel giri\u015fimlerini \u00f6d\u00fcllendirdi.","og_url":"https:\/\/www.farklabs.com\/tr\/access2tech-europe-industx-innovation-call-gelecegin-endustriyel-girisimleri-izmirde-bulustu\/","og_site_name":"Fark Labs","article_publisher":"https:\/\/www.facebook.com\/farklabs\/","article_published_time":"2025-06-13T11:00:06+00:00","article_modified_time":"2025-06-17T13:33:45+00:00","og_image":[{"width":1024,"height":452,"url":"https:\/\/www.farklabs.com\/wp-content\/uploads\/2025\/06\/Adsiz-tasarim-1-1024x452.png","type":"image\/png"}],"author":"Fark Labs","twitter_card":"summary_large_image","twitter_creator":"@farklabs","twitter_site":"@farklabs","twitter_misc":{"Yazan:":"Fark Labs","Tahmini okuma s\u00fcresi":"7 dakika"},"schema":{"@context":"https:\/\/schema.org","@graph":[{"@type":"Article","@id":"https:\/\/www.farklabs.com\/tr\/access2tech-europe-industx-innovation-call-gelecegin-endustriyel-girisimleri-izmirde-bulustu\/#article","isPartOf":{"@id":"https:\/\/www.farklabs.com\/tr\/access2tech-europe-industx-innovation-call-gelecegin-endustriyel-girisimleri-izmirde-bulustu\/"},"author":{"name":"Fark Labs","@id":"https:\/\/www.farklabs.com\/#\/schema\/person\/6c587efab44c0dd1489706bc75c0460f"},"headline":"\u0130\u015fte Kazananlar! Access2Tech Europe | IndustX Innovation Call: Gelece\u011fin End\u00fcstriyel Giri\u015fimleri \u0130zmir\u2019de Bulu\u015ftu","datePublished":"2025-06-13T11:00:06+00:00","dateModified":"2025-06-17T13:33:45+00:00","mainEntityOfPage":{"@id":"https:\/\/www.farklabs.com\/tr\/access2tech-europe-industx-innovation-call-gelecegin-endustriyel-girisimleri-izmirde-bulustu\/"},"wordCount":1238,"publisher":{"@id":"https:\/\/www.farklabs.com\/#organization"},"image":{"@id":"https:\/\/www.farklabs.com\/tr\/access2tech-europe-industx-innovation-call-gelecegin-endustriyel-girisimleri-izmirde-bulustu\/#primaryimage"},"thumbnailUrl":"https:\/\/www.farklabs.com\/wp-content\/uploads\/2025\/06\/Adsiz-tasarim-1.png","articleSection":["CORPORATE","Uncategorized @tr"],"inLanguage":"tr"},{"@type":"WebPage","@id":"https:\/\/www.farklabs.com\/tr\/access2tech-europe-industx-innovation-call-gelecegin-endustriyel-girisimleri-izmirde-bulustu\/","url":"https:\/\/www.farklabs.com\/tr\/access2tech-europe-industx-innovation-call-gelecegin-endustriyel-girisimleri-izmirde-bulustu\/","name":"Access2Tech 2025 | En \u0130yi End\u00fcstriyel Giri\u015fimler \u00d6d\u00fcllendirildi","isPartOf":{"@id":"https:\/\/www.farklabs.com\/#website"},"primaryImageOfPage":{"@id":"https:\/\/www.farklabs.com\/tr\/access2tech-europe-industx-innovation-call-gelecegin-endustriyel-girisimleri-izmirde-bulustu\/#primaryimage"},"image":{"@id":"https:\/\/www.farklabs.com\/tr\/access2tech-europe-industx-innovation-call-gelecegin-endustriyel-girisimleri-izmirde-bulustu\/#primaryimage"},"thumbnailUrl":"https:\/\/www.farklabs.com\/wp-content\/uploads\/2025\/06\/Adsiz-tasarim-1.png","datePublished":"2025-06-13T11:00:06+00:00","dateModified":"2025-06-17T13:33:45+00:00","description":"Access2Tech Europe 2025, yenilik\u00e7ilik, \u00f6l\u00e7eklenebilirlik ve etki kriterleriyle T\u00fcrkiye\u2019nin \u00f6nde gelen end\u00fcstriyel giri\u015fimlerini \u00f6d\u00fcllendirdi.","breadcrumb":{"@id":"https:\/\/www.farklabs.com\/tr\/access2tech-europe-industx-innovation-call-gelecegin-endustriyel-girisimleri-izmirde-bulustu\/#breadcrumb"},"inLanguage":"tr","potentialAction":[{"@type":"ReadAction","target":["https:\/\/www.farklabs.com\/tr\/access2tech-europe-industx-innovation-call-gelecegin-endustriyel-girisimleri-izmirde-bulustu\/"]}]},{"@type":"ImageObject","inLanguage":"tr","@id":"https:\/\/www.farklabs.com\/tr\/access2tech-europe-industx-innovation-call-gelecegin-endustriyel-girisimleri-izmirde-bulustu\/#primaryimage","url":"https:\/\/www.farklabs.com\/wp-content\/uploads\/2025\/06\/Adsiz-tasarim-1.png","contentUrl":"https:\/\/www.farklabs.com\/wp-content\/uploads\/2025\/06\/Adsiz-tasarim-1.png","width":1680,"height":742},{"@type":"BreadcrumbList","@id":"https:\/\/www.farklabs.com\/tr\/access2tech-europe-industx-innovation-call-gelecegin-endustriyel-girisimleri-izmirde-bulustu\/#breadcrumb","itemListElement":[{"@type":"ListItem","position":1,"name":"Home","item":"https:\/\/www.farklabs.com\/tr\/"},{"@type":"ListItem","position":2,"name":"\u0130\u015fte Kazananlar! Access2Tech Europe | IndustX Innovation Call: Gelece\u011fin End\u00fcstriyel Giri\u015fimleri \u0130zmir\u2019de Bulu\u015ftu"}]},{"@type":"WebSite","@id":"https:\/\/www.farklabs.com\/#website","url":"https:\/\/www.farklabs.com\/","name":"Fark Labs","description":"Better. Future. Together.","publisher":{"@id":"https:\/\/www.farklabs.com\/#organization"},"potentialAction":[{"@type":"SearchAction","target":{"@type":"EntryPoint","urlTemplate":"https:\/\/www.farklabs.com\/?s={search_term_string}"},"query-input":{"@type":"PropertyValueSpecification","valueRequired":true,"valueName":"search_term_string"}}],"inLanguage":"tr"},{"@type":"Organization","@id":"https:\/\/www.farklabs.com\/#organization","name":"Fark Labs","url":"https:\/\/www.farklabs.com\/","logo":{"@type":"ImageObject","inLanguage":"tr","@id":"https:\/\/www.farklabs.com\/#\/schema\/logo\/image\/","url":"https:\/\/www.farklabs.com\/wp-content\/uploads\/2022\/04\/1-Fark-Labs-logo1.png","contentUrl":"https:\/\/www.farklabs.com\/wp-content\/uploads\/2022\/04\/1-Fark-Labs-logo1.png","width":337,"height":150,"caption":"Fark Labs"},"image":{"@id":"https:\/\/www.farklabs.com\/#\/schema\/logo\/image\/"},"sameAs":["https:\/\/www.facebook.com\/farklabs\/","https:\/\/x.com\/farklabs","https:\/\/www.instagram.com\/farklabs\/","https:\/\/www.linkedin.com\/company\/farklabs\/","https:\/\/www.youtube.com\/c\/farklabs"]},{"@type":"Person","@id":"https:\/\/www.farklabs.com\/#\/schema\/person\/6c587efab44c0dd1489706bc75c0460f","name":"Fark Labs","image":{"@type":"ImageObject","inLanguage":"tr","@id":"https:\/\/secure.gravatar.com\/avatar\/02107d982b959c1234fd880952cbc459fbfe3e673a91102388aaadebcf224c5a?s=96&d=mm&r=g","url":"https:\/\/secure.gravatar.com\/avatar\/02107d982b959c1234fd880952cbc459fbfe3e673a91102388aaadebcf224c5a?s=96&d=mm&r=g","contentUrl":"https:\/\/secure.gravatar.com\/avatar\/02107d982b959c1234fd880952cbc459fbfe3e673a91102388aaadebcf224c5a?s=96&d=mm&r=g","caption":"Fark Labs"},"url":"https:\/\/www.farklabs.com\/tr\/author\/farmaster\/"}]}},"_links":{"self":[{"href":"https:\/\/www.farklabs.com\/tr\/wp-json\/wp\/v2\/posts\/17299","targetHints":{"allow":["GET"]}}],"collection":[{"href":"https:\/\/www.farklabs.com\/tr\/wp-json\/wp\/v2\/posts"}],"about":[{"href":"https:\/\/www.farklabs.com\/tr\/wp-json\/wp\/v2\/types\/post"}],"author":[{"embeddable":true,"href":"https:\/\/www.farklabs.com\/tr\/wp-json\/wp\/v2\/users\/1"}],"replies":[{"embeddable":true,"href":"https:\/\/www.farklabs.com\/tr\/wp-json\/wp\/v2\/comments?post=17299"}],"version-history":[{"count":10,"href":"https:\/\/www.farklabs.com\/tr\/wp-json\/wp\/v2\/posts\/17299\/revisions"}],"predecessor-version":[{"id":17343,"href":"https:\/\/www.farklabs.com\/tr\/wp-json\/wp\/v2\/posts\/17299\/revisions\/17343"}],"wp:featuredmedia":[{"embeddable":true,"href":"https:\/\/www.farklabs.com\/tr\/wp-json\/wp\/v2\/media\/17244"}],"wp:attachment":[{"href":"https:\/\/www.farklabs.com\/tr\/wp-json\/wp\/v2\/media?parent=17299"}],"wp:term":[{"taxonomy":"category","embeddable":true,"href":"https:\/\/www.farklabs.com\/tr\/wp-json\/wp\/v2\/categories?post=17299"},{"taxonomy":"post_tag","embeddable":true,"href":"https:\/\/www.farklabs.com\/tr\/wp-json\/wp\/v2\/tags?post=17299"}],"curies":[{"name":"wp","href":"https:\/\/api.w.org\/{rel}","templated":true}]}}