{"id":8869,"date":"2022-04-08T12:00:20","date_gmt":"2022-04-08T09:00:20","guid":{"rendered":"https:\/\/www.farklabs.com\/?p=8869"},"modified":"2025-02-17T14:23:24","modified_gmt":"2025-02-17T11:23:24","slug":"fark-labs-tekmer-mercedes-benz-turk-ventures-ile-ortak-duzenledigi-programda-mobilite-dunyasina-yon-verecek-girisimleri-ariyor","status":"publish","type":"post","link":"https:\/\/www.farklabs.com\/tr\/fark-labs-tekmer-mercedes-benz-turk-ventures-ile-ortak-duzenledigi-programda-mobilite-dunyasina-yon-verecek-girisimleri-ariyor\/","title":{"rendered":"Fark Labs Tekmer, Mercedes-Benz T\u00fcrk Ventures \u0130le Ortak D\u00fczenledi\u011fi Programda Mobilite D\u00fcnyas\u0131na Y\u00f6n Verecek Giri\u015fimleri Ar\u0131yor"},"content":{"rendered":"\n<h2 class=\"wp-block-heading\">Mobilite giri\u015fimcilik ekosistemini desteklemek \u00fczere g\u00fc\u00e7lerini birle\u015ftiren Fark Labs Tekmer x Mercedes-Benz T\u00fcrk Ventures, hayata ge\u00e7irdikleri Mobilite H\u0131zland\u0131rma ve Yat\u0131r\u0131m Program\u0131 ile bu alandaki yenilik\u00e7i giri\u015fimlerin uluslararas\u0131 \u00f6l\u00e7eklenebilir ba\u015far\u0131 hik\u00e2yelerine d\u00f6n\u00fc\u015fmesini destekleyecek.<\/h2>\n\n\n\n<p>Herkes i\u00e7in daha iyi bir gelecek in\u015fa etmeyi ama\u00e7layan k\u00fcresel bir inovasyon ve d\u00f6n\u00fc\u015f\u00fcm merkezi olan Fark Labs; ana \u015firketi Fark Holding\u2019in 50 y\u0131l\u0131 a\u015fk\u0131n sekt\u00f6r uzmanl\u0131\u011f\u0131ndan ve ileri g\u00f6r\u00fc\u015fl\u00fc bak\u0131\u015f a\u00e7\u0131s\u0131ndan yararlanarak; \u015firketlerin, giri\u015fimlerin ve yat\u0131r\u0131mc\u0131lar\u0131n inovasyona \u00f6nc\u00fcl\u00fck etmelerini ve d\u00fcnya \u00fczerinde olumlu bir etki yaratabilmeleri i\u00e7in yenilik\u00e7i ve gelece\u011fe haz\u0131r versiyonlar\u0131na d\u00f6n\u00fc\u015fmelerini sa\u011fl\u0131yor.<\/p>\n\n\n\n<p>Ge\u00e7ti\u011fimiz Kas\u0131m ay\u0131nda TEKMER (Teknoloji Geli\u015ftirme merkezi) olan Fark Labs hali haz\u0131rda sundu\u011fu \u00f6n kulu\u00e7ka, kulu\u00e7ka, h\u0131zland\u0131rma ve yat\u0131r\u0131m programlar\u0131n\u0131, TEKMER kapsam\u0131nda daha da geni\u015fletiyor. Fark Labs\u2019in Tekmer \u00fcnvan\u0131 ald\u0131ktan sonra hayata ge\u00e7irdi\u011fi ilk h\u0131zland\u0131rma ve yat\u0131r\u0131m program\u0131 otomotiv d\u00fcnyas\u0131n\u0131n k\u00f6kl\u00fc kurumlar\u0131ndan&nbsp; biri olan Mercedes-Benz T\u00fcrk ile ger\u00e7ekle\u015fiyor.&nbsp;&nbsp;&nbsp;<\/p>\n\n\n\n<p>Mercedes-Benz T\u00fcrk Ventures x Fark Labs Tekmer Mobilite H\u0131zland\u0131rma ve Yat\u0131r\u0131m Program\u0131 ile mobilite alan\u0131ndaki yenilik\u00e7i, teknolojik giri\u015fimler; Fark Labs\u2019in akademisyenler, kamu kurumlar\u0131, VC ve melek yat\u0131r\u0131mc\u0131lardan olu\u015fan global a\u011f\u0131na eri\u015fim sa\u011flarken, Mercedes-Benz T\u00fcrk\u2019\u00fcn ise end\u00fcstriyel tecr\u00fcbesine, teknik bilgi birikimine ve global a\u011f\u0131na eri\u015fme f\u0131rsat\u0131n\u0131 da yakal\u0131yor. Mobilite d\u00fcnyas\u0131na y\u00f6n verecek giri\u015fimleri desteklemek \u00fczere kurulan Mercedes-Benz T\u00fcrk Ventures fonu;mobilite alan\u0131ndaki yenilik\u00e7i enerjiyi \u00e7o\u011faltacak ve T\u00fcrkiye\u2019de bu alanda kurulan giri\u015fimlerin uluslararas\u0131 \u00f6l\u00e7eklenebilir ba\u015far\u0131 hik\u00e2yelerine d\u00f6n\u00fc\u015fmesini destekleyecek. Mercedes-Benz T\u00fcrk Ventures ile 2022 y\u0131l\u0131nda Mercedes-Benz T\u00fcrk\u2019\u00fcn toplam AR-GE harcamalar\u0131n\u0131n y\u00fczde 2\u2019si T\u00fcrkiye\u2019nin yenilik\u00e7i giri\u015fimlerine aktar\u0131lacak.<\/p>\n\n\n\n<p>T\u00fcrkiye\u2019nin ve d\u00fcnyan\u0131n s\u00fcrd\u00fcr\u00fclebilir kalk\u0131nmas\u0131n\u0131n, yenilik\u00e7i, teknoloji ile ba\u011f\u0131 olan giri\u015fimlerin geli\u015ftirilmesi ile m\u00fcmk\u00fcn oldu\u011funa inan\u0131yor ve T\u00fcrkiye\u2019nin gelece\u011fine duydu\u011fumuz bu g\u00fcvenle \u00fclkenin d\u00f6rt bir yan\u0131ndaki yarat\u0131c\u0131 mobilite giri\u015fimcilerini Mercedes-Benz T\u00fcrk Ventures x Fark Labs Tekmer Mobilite H\u0131zland\u0131rma ve Yat\u0131r\u0131m program\u0131na ba\u015fvurmaya davet ediyoruz.<\/p>\n\n\n\n<p><strong>Mobilite d\u00fcnyas\u0131n\u0131 de\u011fi\u015ftirmeye var m\u0131s\u0131n?<\/strong><\/p>\n\n\n\n<p>Mercedes-Benz T\u00fcrk Ventures x Fark Labs Tekmer; ger\u00e7ek bir de\u011fi\u015fim yaratacak ve mobilite d\u00fcnyas\u0131n\u0131 geli\u015ftirecek giri\u015fimleri ar\u0131yor. Ba\u011flant\u0131l\u0131 Ara\u00e7lar, Mobilite \u00c7\u00f6z\u00fcmleri, B\u00fcy\u00fck Veri Analizi, Siber G\u00fcvenlik, Ara\u00e7 Test ve Sim\u00fclasyon Sistemleri odak alanlar\u0131nda ve T\u00fcrkiye\u2019de kurulu pazara \u00e7\u0131km\u0131\u015f veya \u00e7\u0131kma a\u015famas\u0131ndaki giri\u015fimler ile teknoloji geli\u015ftirme b\u00f6lgelerinde kurulu teknopark firmalar\u0131 ve THS (Teknoloji Haz\u0131rl\u0131k Seviyesi) 6 seviyesindeki giri\u015fimlere bu programa ba\u015fvurabilirler.<\/p>\n\n\n\n<p><strong>Son ba\u015fvuru tarihi 8 May\u0131s<\/strong> <\/p>\n\n\n\n<p>Mercedes-Benz T\u00fcrk Ventures x Fark Labs Tekmer H\u0131zland\u0131rma ve Yat\u0131r\u0131m Program\u0131 i\u00e7in ba\u015fvurular <strong>8 May\u0131s 2022 gece yar\u0131s\u0131na kadar<\/strong>: https:\/\/www.farklabs.com\/mbtventures adresi \u00fczerinden online olarak kabul edilecek. May\u0131s ay\u0131 sonunda sonu\u00e7lanacak \u00f6n elemeyi ge\u00e7en startuplar alt\u0131 hafta s\u00fcrecek e\u011fitim ve mentorluk program\u0131na kat\u0131lacaklar. Program\u0131 takiben Temmuz ay\u0131nda ger\u00e7ekle\u015ftirilecek Bootcamp ve Demo Day\u2019in ard\u0131ndan yat\u0131r\u0131m yap\u0131lacak giri\u015fimler belirlenecek.<\/p>\n\n\n\n<p><\/p>\n\n\n\n<blockquote class=\"instagram-media\" data-instgrm-captioned=\"\" data-instgrm-permalink=\"https:\/\/www.instagram.com\/reel\/CcN1XvwIdeJ\/?utm_source=ig_embed&amp;utm_campaign=loading\" data-instgrm-version=\"14\" style=\" background:#FFF; border:0; border-radius:3px; box-shadow:0 0 1px 0 rgba(0,0,0,0.5),0 1px 10px 0 rgba(0,0,0,0.15); margin: 1px; max-width:540px; min-width:326px; padding:0; width:99.375%; width:-webkit-calc(100% - 2px); width:calc(100% - 2px);\"><div style=\"padding:16px;\"> <a href=\"https:\/\/www.instagram.com\/reel\/CcN1XvwIdeJ\/?utm_source=ig_embed&amp;utm_campaign=loading\" style=\" background:#FFFFFF; line-height:0; padding:0 0; text-align:center; text-decoration:none; width:100%;\" target=\"_blank\" rel=\"noopener\"> <div style=\" display: flex; flex-direction: row; align-items: center;\"> <div style=\"background-color: #F4F4F4; border-radius: 50%; flex-grow: 0; height: 40px; margin-right: 14px; width: 40px;\"><\/div> <div style=\"display: flex; flex-direction: column; flex-grow: 1; justify-content: center;\"> <div style=\" background-color: #F4F4F4; border-radius: 4px; flex-grow: 0; height: 14px; margin-bottom: 6px; width: 100px;\"><\/div> <div style=\" background-color: #F4F4F4; border-radius: 4px; flex-grow: 0; height: 14px; width: 60px;\"><\/div><\/div><\/div><div style=\"padding: 19% 0;\"><\/div> <div style=\"display:block; height:50px; margin:0 auto 12px; width:50px;\"><svg width=\"50px\" height=\"50px\" viewBox=\"0 0 60 60\" version=\"1.1\" xmlns=\"https:\/\/www.w3.org\/2000\/svg\" xmlns:xlink=\"https:\/\/www.w3.org\/1999\/xlink\"><g stroke=\"none\" stroke-width=\"1\" fill=\"none\" fill-rule=\"evenodd\"><g transform=\"translate(-511.000000, -20.000000)\" fill=\"#000000\"><g><path d=\"M556.869,30.41 C554.814,30.41 553.148,32.076 553.148,34.131 C553.148,36.186 554.814,37.852 556.869,37.852 C558.924,37.852 560.59,36.186 560.59,34.131 C560.59,32.076 558.924,30.41 556.869,30.41 M541,60.657 C535.114,60.657 530.342,55.887 530.342,50 C530.342,44.114 535.114,39.342 541,39.342 C546.887,39.342 551.658,44.114 551.658,50 C551.658,55.887 546.887,60.657 541,60.657 M541,33.886 C532.1,33.886 524.886,41.1 524.886,50 C524.886,58.899 532.1,66.113 541,66.113 C549.9,66.113 557.115,58.899 557.115,50 C557.115,41.1 549.9,33.886 541,33.886 M565.378,62.101 C565.244,65.022 564.756,66.606 564.346,67.663 C563.803,69.06 563.154,70.057 562.106,71.106 C561.058,72.155 560.06,72.803 558.662,73.347 C557.607,73.757 556.021,74.244 553.102,74.378 C549.944,74.521 548.997,74.552 541,74.552 C533.003,74.552 532.056,74.521 528.898,74.378 C525.979,74.244 524.393,73.757 523.338,73.347 C521.94,72.803 520.942,72.155 519.894,71.106 C518.846,70.057 518.197,69.06 517.654,67.663 C517.244,66.606 516.755,65.022 516.623,62.101 C516.479,58.943 516.448,57.996 516.448,50 C516.448,42.003 516.479,41.056 516.623,37.899 C516.755,34.978 517.244,33.391 517.654,32.338 C518.197,30.938 518.846,29.942 519.894,28.894 C520.942,27.846 521.94,27.196 523.338,26.654 C524.393,26.244 525.979,25.756 528.898,25.623 C532.057,25.479 533.004,25.448 541,25.448 C548.997,25.448 549.943,25.479 553.102,25.623 C556.021,25.756 557.607,26.244 558.662,26.654 C560.06,27.196 561.058,27.846 562.106,28.894 C563.154,29.942 563.803,30.938 564.346,32.338 C564.756,33.391 565.244,34.978 565.378,37.899 C565.522,41.056 565.552,42.003 565.552,50 C565.552,57.996 565.522,58.943 565.378,62.101 M570.82,37.631 C570.674,34.438 570.167,32.258 569.425,30.349 C568.659,28.377 567.633,26.702 565.965,25.035 C564.297,23.368 562.623,22.342 560.652,21.575 C558.743,20.834 556.562,20.326 553.369,20.18 C550.169,20.033 549.148,20 541,20 C532.853,20 531.831,20.033 528.631,20.18 C525.438,20.326 523.257,20.834 521.349,21.575 C519.376,22.342 517.703,23.368 516.035,25.035 C514.368,26.702 513.342,28.377 512.574,30.349 C511.834,32.258 511.326,34.438 511.181,37.631 C511.035,40.831 511,41.851 511,50 C511,58.147 511.035,59.17 511.181,62.369 C511.326,65.562 511.834,67.743 512.574,69.651 C513.342,71.625 514.368,73.296 516.035,74.965 C517.703,76.634 519.376,77.658 521.349,78.425 C523.257,79.167 525.438,79.673 528.631,79.82 C531.831,79.965 532.853,80.001 541,80.001 C549.148,80.001 550.169,79.965 553.369,79.82 C556.562,79.673 558.743,79.167 560.652,78.425 C562.623,77.658 564.297,76.634 565.965,74.965 C567.633,73.296 568.659,71.625 569.425,69.651 C570.167,67.743 570.674,65.562 570.82,62.369 C570.966,59.17 571,58.147 571,50 C571,41.851 570.966,40.831 570.82,37.631\"><\/path><\/g><\/g><\/g><\/svg><\/div><div style=\"padding-top: 8px;\"> <div style=\" color:#3897f0; font-family:Arial,sans-serif; font-size:14px; font-style:normal; font-weight:550; line-height:18px;\">View this post on Instagram<\/div><\/div><div style=\"padding: 12.5% 0;\"><\/div> <div style=\"display: flex; flex-direction: row; margin-bottom: 14px; align-items: center;\"><div> <div style=\"background-color: #F4F4F4; border-radius: 50%; height: 12.5px; width: 12.5px; transform: translateX(0px) translateY(7px);\"><\/div> <div style=\"background-color: #F4F4F4; height: 12.5px; transform: rotate(-45deg) translateX(3px) translateY(1px); width: 12.5px; flex-grow: 0; margin-right: 14px; margin-left: 2px;\"><\/div> <div style=\"background-color: #F4F4F4; border-radius: 50%; height: 12.5px; width: 12.5px; transform: translateX(9px) translateY(-18px);\"><\/div><\/div><div style=\"margin-left: 8px;\"> <div style=\" background-color: #F4F4F4; border-radius: 50%; flex-grow: 0; height: 20px; width: 20px;\"><\/div> <div style=\" width: 0; height: 0; border-top: 2px solid transparent; border-left: 6px solid #f4f4f4; border-bottom: 2px solid transparent; transform: translateX(16px) translateY(-4px) rotate(30deg)\"><\/div><\/div><div style=\"margin-left: auto;\"> <div style=\" width: 0px; border-top: 8px solid #F4F4F4; border-right: 8px solid transparent; transform: translateY(16px);\"><\/div> <div style=\" background-color: #F4F4F4; flex-grow: 0; height: 12px; width: 16px; transform: translateY(-4px);\"><\/div> <div style=\" width: 0; height: 0; border-top: 8px solid #F4F4F4; border-left: 8px solid transparent; transform: translateY(-4px) translateX(8px);\"><\/div><\/div><\/div> <div style=\"display: flex; flex-direction: column; flex-grow: 1; justify-content: center; margin-bottom: 24px;\"> <div style=\" background-color: #F4F4F4; border-radius: 4px; flex-grow: 0; height: 14px; margin-bottom: 6px; width: 224px;\"><\/div> <div style=\" background-color: #F4F4F4; border-radius: 4px; flex-grow: 0; height: 14px; width: 144px;\"><\/div><\/div><\/a><p style=\" color:#c9c8cd; font-family:Arial,sans-serif; font-size:14px; line-height:17px; margin-bottom:0; margin-top:8px; overflow:hidden; padding:8px 0 7px; text-align:center; text-overflow:ellipsis; white-space:nowrap;\"><a href=\"https:\/\/www.instagram.com\/reel\/CcN1XvwIdeJ\/?utm_source=ig_embed&amp;utm_campaign=loading\" style=\" color:#c9c8cd; font-family:Arial,sans-serif; font-size:14px; font-style:normal; font-weight:normal; line-height:17px; text-decoration:none;\" target=\"_blank\" rel=\"noopener\">A post shared by Fark Labs (@farklabs)<\/a><\/p><\/div><\/blockquote> <script async=\"\" src=\"\/\/www.instagram.com\/embed.js\"><\/script>\n","protected":false},"excerpt":{"rendered":"<p>Fark Labs Tekmer x Mercedes-Benz T\u00fcrk Ventures, hayata ge\u00e7irdikleri Mobilite H\u0131zland\u0131rma ve Yat\u0131r\u0131m Program\u0131 ile bu alandaki yenilik\u00e7i giri\u015fimlerin uluslararas\u0131 \u00f6l\u00e7eklenebilir ba\u015far\u0131 hik\u00e2yelerine d\u00f6n\u00fc\u015fmesini destekleyecek.<\/p>\n","protected":false},"author":1,"featured_media":8470,"comment_status":"open","ping_status":"open","sticky":false,"template":"","format":"standard","meta":{"_acf_changed":false,"om_disable_all_campaigns":false,"footnotes":""},"categories":[314,317,239],"tags":[359,361,362,360,320],"class_list":["post-8869","post","type-post","status-publish","format-standard","has-post-thumbnail","hentry","category-corporate-tr","category-mobility-tr","category-uncategorized-tr","tag-accelerator-program","tag-hizlandirma-programi","tag-mercedes-benz-turk-ventures-tr","tag-mobilite","tag-mobility-tr","entry"],"acf":[],"yoast_head":"<!-- This site is optimized with the Yoast SEO Premium plugin v27.3 (Yoast SEO v27.3) - https:\/\/yoast.com\/product\/yoast-seo-premium-wordpress\/ -->\n<title>Fark Labs Tekmer, Mercedes-Benz T\u00fcrk Ventures \u0130le Ortak D\u00fczenledi\u011fi Programda Mobilite D\u00fcnyas\u0131na Y\u00f6n Verecek Giri\u015fimleri Ar\u0131yor - Fark Labs<\/title>\n<meta name=\"robots\" content=\"index, follow, max-snippet:-1, max-image-preview:large, max-video-preview:-1\" \/>\n<link rel=\"canonical\" href=\"https:\/\/www.farklabs.com\/tr\/fark-labs-tekmer-mercedes-benz-turk-ventures-ile-ortak-duzenledigi-programda-mobilite-dunyasina-yon-verecek-girisimleri-ariyor\/\" \/>\n<meta property=\"og:locale\" content=\"tr_TR\" \/>\n<meta property=\"og:type\" content=\"article\" \/>\n<meta property=\"og:title\" content=\"Fark Labs Tekmer, Mercedes-Benz T\u00fcrk Ventures \u0130le Ortak D\u00fczenledi\u011fi Programda Mobilite D\u00fcnyas\u0131na Y\u00f6n Verecek Giri\u015fimleri Ar\u0131yor\" \/>\n<meta property=\"og:description\" content=\"Fark Labs Tekmer x Mercedes-Benz T\u00fcrk Ventures, hayata ge\u00e7irdikleri Mobilite H\u0131zland\u0131rma ve Yat\u0131r\u0131m Program\u0131 ile bu alandaki yenilik\u00e7i giri\u015fimlerin uluslararas\u0131 \u00f6l\u00e7eklenebilir ba\u015far\u0131 hik\u00e2yelerine d\u00f6n\u00fc\u015fmesini destekleyecek.\" \/>\n<meta property=\"og:url\" content=\"https:\/\/www.farklabs.com\/tr\/fark-labs-tekmer-mercedes-benz-turk-ventures-ile-ortak-duzenledigi-programda-mobilite-dunyasina-yon-verecek-girisimleri-ariyor\/\" \/>\n<meta property=\"og:site_name\" content=\"Fark Labs\" \/>\n<meta property=\"article:publisher\" content=\"https:\/\/www.facebook.com\/farklabs\/\" \/>\n<meta property=\"article:published_time\" content=\"2022-04-08T09:00:20+00:00\" \/>\n<meta property=\"article:modified_time\" content=\"2025-02-17T11:23:24+00:00\" \/>\n<meta property=\"og:image\" content=\"https:\/\/www.farklabs.com\/wp-content\/uploads\/2022\/04\/Homepage1-1.png\" \/>\n\t<meta property=\"og:image:width\" content=\"1440\" \/>\n\t<meta property=\"og:image:height\" content=\"640\" \/>\n\t<meta property=\"og:image:type\" content=\"image\/png\" \/>\n<meta name=\"author\" content=\"Fark Labs\" \/>\n<meta name=\"twitter:card\" content=\"summary_large_image\" \/>\n<meta name=\"twitter:creator\" content=\"@farklabs\" \/>\n<meta name=\"twitter:site\" content=\"@farklabs\" \/>\n<meta name=\"twitter:label1\" content=\"Yazan:\" \/>\n\t<meta name=\"twitter:data1\" content=\"Fark Labs\" \/>\n\t<meta name=\"twitter:label2\" content=\"Tahmini okuma s\u00fcresi\" \/>\n\t<meta name=\"twitter:data2\" content=\"2 dakika\" \/>\n<script type=\"application\/ld+json\" class=\"yoast-schema-graph\">{\"@context\":\"https:\\\/\\\/schema.org\",\"@graph\":[{\"@type\":\"Article\",\"@id\":\"https:\\\/\\\/www.farklabs.com\\\/tr\\\/fark-labs-tekmer-mercedes-benz-turk-ventures-ile-ortak-duzenledigi-programda-mobilite-dunyasina-yon-verecek-girisimleri-ariyor\\\/#article\",\"isPartOf\":{\"@id\":\"https:\\\/\\\/www.farklabs.com\\\/tr\\\/fark-labs-tekmer-mercedes-benz-turk-ventures-ile-ortak-duzenledigi-programda-mobilite-dunyasina-yon-verecek-girisimleri-ariyor\\\/\"},\"author\":{\"name\":\"Fark Labs\",\"@id\":\"https:\\\/\\\/www.farklabs.com\\\/#\\\/schema\\\/person\\\/6c587efab44c0dd1489706bc75c0460f\"},\"headline\":\"Fark Labs Tekmer, Mercedes-Benz T\u00fcrk Ventures \u0130le Ortak D\u00fczenledi\u011fi Programda Mobilite D\u00fcnyas\u0131na Y\u00f6n Verecek Giri\u015fimleri Ar\u0131yor\",\"datePublished\":\"2022-04-08T09:00:20+00:00\",\"dateModified\":\"2025-02-17T11:23:24+00:00\",\"mainEntityOfPage\":{\"@id\":\"https:\\\/\\\/www.farklabs.com\\\/tr\\\/fark-labs-tekmer-mercedes-benz-turk-ventures-ile-ortak-duzenledigi-programda-mobilite-dunyasina-yon-verecek-girisimleri-ariyor\\\/\"},\"wordCount\":667,\"commentCount\":0,\"publisher\":{\"@id\":\"https:\\\/\\\/www.farklabs.com\\\/#organization\"},\"image\":{\"@id\":\"https:\\\/\\\/www.farklabs.com\\\/tr\\\/fark-labs-tekmer-mercedes-benz-turk-ventures-ile-ortak-duzenledigi-programda-mobilite-dunyasina-yon-verecek-girisimleri-ariyor\\\/#primaryimage\"},\"thumbnailUrl\":\"https:\\\/\\\/www.farklabs.com\\\/wp-content\\\/uploads\\\/2022\\\/04\\\/Homepage1-1.png\",\"keywords\":[\"ACCELERATOR PROGRAM\",\"H\u0131zland\u0131rma Program\u0131\",\"MERCEDES-BENZ TURK VENTURES\",\"Mobilite\",\"MOBILITY\"],\"articleSection\":[\"CORPORATE\",\"MOBILITY\",\"Uncategorized @tr\"],\"inLanguage\":\"tr\",\"potentialAction\":[{\"@type\":\"CommentAction\",\"name\":\"Comment\",\"target\":[\"https:\\\/\\\/www.farklabs.com\\\/tr\\\/fark-labs-tekmer-mercedes-benz-turk-ventures-ile-ortak-duzenledigi-programda-mobilite-dunyasina-yon-verecek-girisimleri-ariyor\\\/#respond\"]}]},{\"@type\":\"WebPage\",\"@id\":\"https:\\\/\\\/www.farklabs.com\\\/tr\\\/fark-labs-tekmer-mercedes-benz-turk-ventures-ile-ortak-duzenledigi-programda-mobilite-dunyasina-yon-verecek-girisimleri-ariyor\\\/\",\"url\":\"https:\\\/\\\/www.farklabs.com\\\/tr\\\/fark-labs-tekmer-mercedes-benz-turk-ventures-ile-ortak-duzenledigi-programda-mobilite-dunyasina-yon-verecek-girisimleri-ariyor\\\/\",\"name\":\"Fark Labs Tekmer, Mercedes-Benz T\u00fcrk Ventures \u0130le Ortak D\u00fczenledi\u011fi Programda Mobilite D\u00fcnyas\u0131na Y\u00f6n Verecek Giri\u015fimleri Ar\u0131yor - Fark Labs\",\"isPartOf\":{\"@id\":\"https:\\\/\\\/www.farklabs.com\\\/#website\"},\"primaryImageOfPage\":{\"@id\":\"https:\\\/\\\/www.farklabs.com\\\/tr\\\/fark-labs-tekmer-mercedes-benz-turk-ventures-ile-ortak-duzenledigi-programda-mobilite-dunyasina-yon-verecek-girisimleri-ariyor\\\/#primaryimage\"},\"image\":{\"@id\":\"https:\\\/\\\/www.farklabs.com\\\/tr\\\/fark-labs-tekmer-mercedes-benz-turk-ventures-ile-ortak-duzenledigi-programda-mobilite-dunyasina-yon-verecek-girisimleri-ariyor\\\/#primaryimage\"},\"thumbnailUrl\":\"https:\\\/\\\/www.farklabs.com\\\/wp-content\\\/uploads\\\/2022\\\/04\\\/Homepage1-1.png\",\"datePublished\":\"2022-04-08T09:00:20+00:00\",\"dateModified\":\"2025-02-17T11:23:24+00:00\",\"breadcrumb\":{\"@id\":\"https:\\\/\\\/www.farklabs.com\\\/tr\\\/fark-labs-tekmer-mercedes-benz-turk-ventures-ile-ortak-duzenledigi-programda-mobilite-dunyasina-yon-verecek-girisimleri-ariyor\\\/#breadcrumb\"},\"inLanguage\":\"tr\",\"potentialAction\":[{\"@type\":\"ReadAction\",\"target\":[\"https:\\\/\\\/www.farklabs.com\\\/tr\\\/fark-labs-tekmer-mercedes-benz-turk-ventures-ile-ortak-duzenledigi-programda-mobilite-dunyasina-yon-verecek-girisimleri-ariyor\\\/\"]}]},{\"@type\":\"ImageObject\",\"inLanguage\":\"tr\",\"@id\":\"https:\\\/\\\/www.farklabs.com\\\/tr\\\/fark-labs-tekmer-mercedes-benz-turk-ventures-ile-ortak-duzenledigi-programda-mobilite-dunyasina-yon-verecek-girisimleri-ariyor\\\/#primaryimage\",\"url\":\"https:\\\/\\\/www.farklabs.com\\\/wp-content\\\/uploads\\\/2022\\\/04\\\/Homepage1-1.png\",\"contentUrl\":\"https:\\\/\\\/www.farklabs.com\\\/wp-content\\\/uploads\\\/2022\\\/04\\\/Homepage1-1.png\",\"width\":1440,\"height\":640},{\"@type\":\"BreadcrumbList\",\"@id\":\"https:\\\/\\\/www.farklabs.com\\\/tr\\\/fark-labs-tekmer-mercedes-benz-turk-ventures-ile-ortak-duzenledigi-programda-mobilite-dunyasina-yon-verecek-girisimleri-ariyor\\\/#breadcrumb\",\"itemListElement\":[{\"@type\":\"ListItem\",\"position\":1,\"name\":\"Home\",\"item\":\"https:\\\/\\\/www.farklabs.com\\\/tr\\\/\"},{\"@type\":\"ListItem\",\"position\":2,\"name\":\"Fark Labs Tekmer, Mercedes-Benz T\u00fcrk Ventures \u0130le Ortak D\u00fczenledi\u011fi Programda Mobilite D\u00fcnyas\u0131na Y\u00f6n Verecek Giri\u015fimleri Ar\u0131yor\"}]},{\"@type\":\"WebSite\",\"@id\":\"https:\\\/\\\/www.farklabs.com\\\/#website\",\"url\":\"https:\\\/\\\/www.farklabs.com\\\/\",\"name\":\"Fark Labs\",\"description\":\"Better. Future. Together.\",\"publisher\":{\"@id\":\"https:\\\/\\\/www.farklabs.com\\\/#organization\"},\"potentialAction\":[{\"@type\":\"SearchAction\",\"target\":{\"@type\":\"EntryPoint\",\"urlTemplate\":\"https:\\\/\\\/www.farklabs.com\\\/?s={search_term_string}\"},\"query-input\":{\"@type\":\"PropertyValueSpecification\",\"valueRequired\":true,\"valueName\":\"search_term_string\"}}],\"inLanguage\":\"tr\"},{\"@type\":\"Organization\",\"@id\":\"https:\\\/\\\/www.farklabs.com\\\/#organization\",\"name\":\"Fark Labs\",\"url\":\"https:\\\/\\\/www.farklabs.com\\\/\",\"logo\":{\"@type\":\"ImageObject\",\"inLanguage\":\"tr\",\"@id\":\"https:\\\/\\\/www.farklabs.com\\\/#\\\/schema\\\/logo\\\/image\\\/\",\"url\":\"https:\\\/\\\/www.farklabs.com\\\/wp-content\\\/uploads\\\/2022\\\/04\\\/1-Fark-Labs-logo1.png\",\"contentUrl\":\"https:\\\/\\\/www.farklabs.com\\\/wp-content\\\/uploads\\\/2022\\\/04\\\/1-Fark-Labs-logo1.png\",\"width\":337,\"height\":150,\"caption\":\"Fark Labs\"},\"image\":{\"@id\":\"https:\\\/\\\/www.farklabs.com\\\/#\\\/schema\\\/logo\\\/image\\\/\"},\"sameAs\":[\"https:\\\/\\\/www.facebook.com\\\/farklabs\\\/\",\"https:\\\/\\\/x.com\\\/farklabs\",\"https:\\\/\\\/www.instagram.com\\\/farklabs\\\/\",\"https:\\\/\\\/www.linkedin.com\\\/company\\\/farklabs\\\/\",\"https:\\\/\\\/www.youtube.com\\\/c\\\/farklabs\"]},{\"@type\":\"Person\",\"@id\":\"https:\\\/\\\/www.farklabs.com\\\/#\\\/schema\\\/person\\\/6c587efab44c0dd1489706bc75c0460f\",\"name\":\"Fark Labs\",\"image\":{\"@type\":\"ImageObject\",\"inLanguage\":\"tr\",\"@id\":\"https:\\\/\\\/secure.gravatar.com\\\/avatar\\\/02107d982b959c1234fd880952cbc459fbfe3e673a91102388aaadebcf224c5a?s=96&d=mm&r=g\",\"url\":\"https:\\\/\\\/secure.gravatar.com\\\/avatar\\\/02107d982b959c1234fd880952cbc459fbfe3e673a91102388aaadebcf224c5a?s=96&d=mm&r=g\",\"contentUrl\":\"https:\\\/\\\/secure.gravatar.com\\\/avatar\\\/02107d982b959c1234fd880952cbc459fbfe3e673a91102388aaadebcf224c5a?s=96&d=mm&r=g\",\"caption\":\"Fark Labs\"},\"url\":\"https:\\\/\\\/www.farklabs.com\\\/tr\\\/author\\\/farmaster\\\/\"}]}<\/script>\n<!-- \/ Yoast SEO Premium plugin. -->","yoast_head_json":{"title":"Fark Labs Tekmer, Mercedes-Benz T\u00fcrk Ventures \u0130le Ortak D\u00fczenledi\u011fi Programda Mobilite D\u00fcnyas\u0131na Y\u00f6n Verecek Giri\u015fimleri Ar\u0131yor - Fark Labs","robots":{"index":"index","follow":"follow","max-snippet":"max-snippet:-1","max-image-preview":"max-image-preview:large","max-video-preview":"max-video-preview:-1"},"canonical":"https:\/\/www.farklabs.com\/tr\/fark-labs-tekmer-mercedes-benz-turk-ventures-ile-ortak-duzenledigi-programda-mobilite-dunyasina-yon-verecek-girisimleri-ariyor\/","og_locale":"tr_TR","og_type":"article","og_title":"Fark Labs Tekmer, Mercedes-Benz T\u00fcrk Ventures \u0130le Ortak D\u00fczenledi\u011fi Programda Mobilite D\u00fcnyas\u0131na Y\u00f6n Verecek Giri\u015fimleri Ar\u0131yor","og_description":"Fark Labs Tekmer x Mercedes-Benz T\u00fcrk Ventures, hayata ge\u00e7irdikleri Mobilite H\u0131zland\u0131rma ve Yat\u0131r\u0131m Program\u0131 ile bu alandaki yenilik\u00e7i giri\u015fimlerin uluslararas\u0131 \u00f6l\u00e7eklenebilir ba\u015far\u0131 hik\u00e2yelerine d\u00f6n\u00fc\u015fmesini destekleyecek.","og_url":"https:\/\/www.farklabs.com\/tr\/fark-labs-tekmer-mercedes-benz-turk-ventures-ile-ortak-duzenledigi-programda-mobilite-dunyasina-yon-verecek-girisimleri-ariyor\/","og_site_name":"Fark Labs","article_publisher":"https:\/\/www.facebook.com\/farklabs\/","article_published_time":"2022-04-08T09:00:20+00:00","article_modified_time":"2025-02-17T11:23:24+00:00","og_image":[{"width":1440,"height":640,"url":"https:\/\/www.farklabs.com\/wp-content\/uploads\/2022\/04\/Homepage1-1.png","type":"image\/png"}],"author":"Fark Labs","twitter_card":"summary_large_image","twitter_creator":"@farklabs","twitter_site":"@farklabs","twitter_misc":{"Yazan:":"Fark Labs","Tahmini okuma s\u00fcresi":"2 dakika"},"schema":{"@context":"https:\/\/schema.org","@graph":[{"@type":"Article","@id":"https:\/\/www.farklabs.com\/tr\/fark-labs-tekmer-mercedes-benz-turk-ventures-ile-ortak-duzenledigi-programda-mobilite-dunyasina-yon-verecek-girisimleri-ariyor\/#article","isPartOf":{"@id":"https:\/\/www.farklabs.com\/tr\/fark-labs-tekmer-mercedes-benz-turk-ventures-ile-ortak-duzenledigi-programda-mobilite-dunyasina-yon-verecek-girisimleri-ariyor\/"},"author":{"name":"Fark Labs","@id":"https:\/\/www.farklabs.com\/#\/schema\/person\/6c587efab44c0dd1489706bc75c0460f"},"headline":"Fark Labs Tekmer, Mercedes-Benz T\u00fcrk Ventures \u0130le Ortak D\u00fczenledi\u011fi Programda Mobilite D\u00fcnyas\u0131na Y\u00f6n Verecek Giri\u015fimleri Ar\u0131yor","datePublished":"2022-04-08T09:00:20+00:00","dateModified":"2025-02-17T11:23:24+00:00","mainEntityOfPage":{"@id":"https:\/\/www.farklabs.com\/tr\/fark-labs-tekmer-mercedes-benz-turk-ventures-ile-ortak-duzenledigi-programda-mobilite-dunyasina-yon-verecek-girisimleri-ariyor\/"},"wordCount":667,"commentCount":0,"publisher":{"@id":"https:\/\/www.farklabs.com\/#organization"},"image":{"@id":"https:\/\/www.farklabs.com\/tr\/fark-labs-tekmer-mercedes-benz-turk-ventures-ile-ortak-duzenledigi-programda-mobilite-dunyasina-yon-verecek-girisimleri-ariyor\/#primaryimage"},"thumbnailUrl":"https:\/\/www.farklabs.com\/wp-content\/uploads\/2022\/04\/Homepage1-1.png","keywords":["ACCELERATOR PROGRAM","H\u0131zland\u0131rma Program\u0131","MERCEDES-BENZ TURK VENTURES","Mobilite","MOBILITY"],"articleSection":["CORPORATE","MOBILITY","Uncategorized @tr"],"inLanguage":"tr","potentialAction":[{"@type":"CommentAction","name":"Comment","target":["https:\/\/www.farklabs.com\/tr\/fark-labs-tekmer-mercedes-benz-turk-ventures-ile-ortak-duzenledigi-programda-mobilite-dunyasina-yon-verecek-girisimleri-ariyor\/#respond"]}]},{"@type":"WebPage","@id":"https:\/\/www.farklabs.com\/tr\/fark-labs-tekmer-mercedes-benz-turk-ventures-ile-ortak-duzenledigi-programda-mobilite-dunyasina-yon-verecek-girisimleri-ariyor\/","url":"https:\/\/www.farklabs.com\/tr\/fark-labs-tekmer-mercedes-benz-turk-ventures-ile-ortak-duzenledigi-programda-mobilite-dunyasina-yon-verecek-girisimleri-ariyor\/","name":"Fark Labs Tekmer, Mercedes-Benz T\u00fcrk Ventures \u0130le Ortak D\u00fczenledi\u011fi Programda Mobilite D\u00fcnyas\u0131na Y\u00f6n Verecek Giri\u015fimleri Ar\u0131yor - Fark Labs","isPartOf":{"@id":"https:\/\/www.farklabs.com\/#website"},"primaryImageOfPage":{"@id":"https:\/\/www.farklabs.com\/tr\/fark-labs-tekmer-mercedes-benz-turk-ventures-ile-ortak-duzenledigi-programda-mobilite-dunyasina-yon-verecek-girisimleri-ariyor\/#primaryimage"},"image":{"@id":"https:\/\/www.farklabs.com\/tr\/fark-labs-tekmer-mercedes-benz-turk-ventures-ile-ortak-duzenledigi-programda-mobilite-dunyasina-yon-verecek-girisimleri-ariyor\/#primaryimage"},"thumbnailUrl":"https:\/\/www.farklabs.com\/wp-content\/uploads\/2022\/04\/Homepage1-1.png","datePublished":"2022-04-08T09:00:20+00:00","dateModified":"2025-02-17T11:23:24+00:00","breadcrumb":{"@id":"https:\/\/www.farklabs.com\/tr\/fark-labs-tekmer-mercedes-benz-turk-ventures-ile-ortak-duzenledigi-programda-mobilite-dunyasina-yon-verecek-girisimleri-ariyor\/#breadcrumb"},"inLanguage":"tr","potentialAction":[{"@type":"ReadAction","target":["https:\/\/www.farklabs.com\/tr\/fark-labs-tekmer-mercedes-benz-turk-ventures-ile-ortak-duzenledigi-programda-mobilite-dunyasina-yon-verecek-girisimleri-ariyor\/"]}]},{"@type":"ImageObject","inLanguage":"tr","@id":"https:\/\/www.farklabs.com\/tr\/fark-labs-tekmer-mercedes-benz-turk-ventures-ile-ortak-duzenledigi-programda-mobilite-dunyasina-yon-verecek-girisimleri-ariyor\/#primaryimage","url":"https:\/\/www.farklabs.com\/wp-content\/uploads\/2022\/04\/Homepage1-1.png","contentUrl":"https:\/\/www.farklabs.com\/wp-content\/uploads\/2022\/04\/Homepage1-1.png","width":1440,"height":640},{"@type":"BreadcrumbList","@id":"https:\/\/www.farklabs.com\/tr\/fark-labs-tekmer-mercedes-benz-turk-ventures-ile-ortak-duzenledigi-programda-mobilite-dunyasina-yon-verecek-girisimleri-ariyor\/#breadcrumb","itemListElement":[{"@type":"ListItem","position":1,"name":"Home","item":"https:\/\/www.farklabs.com\/tr\/"},{"@type":"ListItem","position":2,"name":"Fark Labs Tekmer, Mercedes-Benz T\u00fcrk Ventures \u0130le Ortak D\u00fczenledi\u011fi Programda Mobilite D\u00fcnyas\u0131na Y\u00f6n Verecek Giri\u015fimleri Ar\u0131yor"}]},{"@type":"WebSite","@id":"https:\/\/www.farklabs.com\/#website","url":"https:\/\/www.farklabs.com\/","name":"Fark Labs","description":"Better. Future. Together.","publisher":{"@id":"https:\/\/www.farklabs.com\/#organization"},"potentialAction":[{"@type":"SearchAction","target":{"@type":"EntryPoint","urlTemplate":"https:\/\/www.farklabs.com\/?s={search_term_string}"},"query-input":{"@type":"PropertyValueSpecification","valueRequired":true,"valueName":"search_term_string"}}],"inLanguage":"tr"},{"@type":"Organization","@id":"https:\/\/www.farklabs.com\/#organization","name":"Fark Labs","url":"https:\/\/www.farklabs.com\/","logo":{"@type":"ImageObject","inLanguage":"tr","@id":"https:\/\/www.farklabs.com\/#\/schema\/logo\/image\/","url":"https:\/\/www.farklabs.com\/wp-content\/uploads\/2022\/04\/1-Fark-Labs-logo1.png","contentUrl":"https:\/\/www.farklabs.com\/wp-content\/uploads\/2022\/04\/1-Fark-Labs-logo1.png","width":337,"height":150,"caption":"Fark Labs"},"image":{"@id":"https:\/\/www.farklabs.com\/#\/schema\/logo\/image\/"},"sameAs":["https:\/\/www.facebook.com\/farklabs\/","https:\/\/x.com\/farklabs","https:\/\/www.instagram.com\/farklabs\/","https:\/\/www.linkedin.com\/company\/farklabs\/","https:\/\/www.youtube.com\/c\/farklabs"]},{"@type":"Person","@id":"https:\/\/www.farklabs.com\/#\/schema\/person\/6c587efab44c0dd1489706bc75c0460f","name":"Fark Labs","image":{"@type":"ImageObject","inLanguage":"tr","@id":"https:\/\/secure.gravatar.com\/avatar\/02107d982b959c1234fd880952cbc459fbfe3e673a91102388aaadebcf224c5a?s=96&d=mm&r=g","url":"https:\/\/secure.gravatar.com\/avatar\/02107d982b959c1234fd880952cbc459fbfe3e673a91102388aaadebcf224c5a?s=96&d=mm&r=g","contentUrl":"https:\/\/secure.gravatar.com\/avatar\/02107d982b959c1234fd880952cbc459fbfe3e673a91102388aaadebcf224c5a?s=96&d=mm&r=g","caption":"Fark Labs"},"url":"https:\/\/www.farklabs.com\/tr\/author\/farmaster\/"}]}},"_links":{"self":[{"href":"https:\/\/www.farklabs.com\/tr\/wp-json\/wp\/v2\/posts\/8869","targetHints":{"allow":["GET"]}}],"collection":[{"href":"https:\/\/www.farklabs.com\/tr\/wp-json\/wp\/v2\/posts"}],"about":[{"href":"https:\/\/www.farklabs.com\/tr\/wp-json\/wp\/v2\/types\/post"}],"author":[{"embeddable":true,"href":"https:\/\/www.farklabs.com\/tr\/wp-json\/wp\/v2\/users\/1"}],"replies":[{"embeddable":true,"href":"https:\/\/www.farklabs.com\/tr\/wp-json\/wp\/v2\/comments?post=8869"}],"version-history":[{"count":9,"href":"https:\/\/www.farklabs.com\/tr\/wp-json\/wp\/v2\/posts\/8869\/revisions"}],"predecessor-version":[{"id":15747,"href":"https:\/\/www.farklabs.com\/tr\/wp-json\/wp\/v2\/posts\/8869\/revisions\/15747"}],"wp:featuredmedia":[{"embeddable":true,"href":"https:\/\/www.farklabs.com\/tr\/wp-json\/wp\/v2\/media\/8470"}],"wp:attachment":[{"href":"https:\/\/www.farklabs.com\/tr\/wp-json\/wp\/v2\/media?parent=8869"}],"wp:term":[{"taxonomy":"category","embeddable":true,"href":"https:\/\/www.farklabs.com\/tr\/wp-json\/wp\/v2\/categories?post=8869"},{"taxonomy":"post_tag","embeddable":true,"href":"https:\/\/www.farklabs.com\/tr\/wp-json\/wp\/v2\/tags?post=8869"}],"curies":[{"name":"wp","href":"https:\/\/api.w.org\/{rel}","templated":true}]}}